{"id":51814,"date":"2016-06-23T09:40:20","date_gmt":"2016-06-23T12:40:20","guid":{"rendered":"http:\/\/diariodamanhapelotas.com.br\/site\/?p=51814"},"modified":"2016-06-23T09:40:20","modified_gmt":"2016-06-23T12:40:20","slug":"skate-projeto-nova-geracao-visita-escolas","status":"publish","type":"post","link":"https:\/\/diariodamanhapelotas.com.br\/site\/skate-projeto-nova-geracao-visita-escolas\/","title":{"rendered":"SKATE  : Projeto \u201cNova Gera\u00e7\u00e3o\u201d visita escolas"},"content":{"rendered":"<h2 style=\"text-align: center;\"><b>Teoria e pr\u00e1tica do skate t\u00eam sido levadas \u00e0 juventude nas escolas, iniciativa do educador f\u00edsico Emanuel Bueno<\/b><\/h2>\n<p><b>Por Carlos Cogoy<\/b><\/p>\n<p><b>M<\/b>ais de quinhentos alunos j\u00e1 participaram neste ano, da viv\u00eancia \u201cGo Skate\u201d, uma das atividades do projeto \u201cNova Gera\u00e7\u00e3o Skate\u201d. A coordena\u00e7\u00e3o est\u00e1 a cargo do pelotense Emanuel Bueno, educador f\u00edsico que desde os dez anos est\u00e1 ligado \u00e0 pr\u00e1tica do skate. No s\u00e1bado, somente no Col\u00e9gio Municipal Pelotense, houve a participa\u00e7\u00e3o de 120 crian\u00e7as e jovens. Emanuel divulga que aos s\u00e1bados das 9h \u00e0s 11h30min, para turmas dos seis aos oito anos, e dos nove aos treze, acontecem aulas gratuitas de skate. O local \u00e9 a pista p\u00fablica situada no Parque Dom Ant\u00f4nio Zattera. Para participar \u00e9 necess\u00e1ria inscri\u00e7\u00e3o na Secretaria Municipal de Educa\u00e7\u00e3o e Desporto (SMED) \u2013 rua General Neto 860. O interessado dever\u00e1 preencher ficha e apresentar atestado de \u201cfrequ\u00eancia \u00e0 escola\u201d. Para conhecer mais sobre o projeto visite o site: novageracaoskate.com<\/p>\n<div id=\"attachment_51816\" style=\"width: 244px\" class=\"wp-caption alignleft\"><a href=\"http:\/\/diariodamanhapelotas.com.br\/site\/wp-content\/uploads\/2016\/06\/emanuel-skate-6-jpg.jpg\" rel=\"lightbox\" title=\"SKATE  : Projeto \u201cNova Gera\u00e7\u00e3o\u201d visita escolas\"><img aria-describedby=\"caption-attachment-51816\" loading=\"lazy\" class=\"size-medium wp-image-51816\" alt=\"Orienta\u00e7\u00e3o \u00e0 pr\u00e1tica \" src=\"http:\/\/diariodamanhapelotas.com.br\/site\/wp-content\/uploads\/2016\/06\/emanuel-skate-6-jpg-234x300.jpg\" width=\"234\" height=\"300\" srcset=\"https:\/\/diariodamanhapelotas.com.br\/site\/wp-content\/uploads\/2016\/06\/emanuel-skate-6-jpg-234x300.jpg 234w, https:\/\/diariodamanhapelotas.com.br\/site\/wp-content\/uploads\/2016\/06\/emanuel-skate-6-jpg-117x150.jpg 117w, https:\/\/diariodamanhapelotas.com.br\/site\/wp-content\/uploads\/2016\/06\/emanuel-skate-6-jpg.jpg 330w\" sizes=\"(max-width: 234px) 100vw, 234px\" \/><\/a><p id=\"caption-attachment-51816\" class=\"wp-caption-text\">Orienta\u00e7\u00e3o \u00e0 pr\u00e1tica<\/p><\/div>\n<p><b>EDUCAR<\/b> \u2013 Al\u00e9m do Col\u00e9gio Pelotense, o projeto j\u00e1 foi levado \u00e0s escolas: S\u00e3o Jos\u00e9; Mario Quintana; Nossa Senhora do Carmo; N\u00facleo Habitacional Dunas; Bibiano de Almeida; C\u00edrculo Oper\u00e1rio Pelotense; Joaquim Nabuco; Joaquim Assump\u00e7\u00e3o; Afonso Vizeu; Antonio Joaquim; Luciana de Ara\u00fajo; Mariana Eufr\u00e1sia; Santa Irene; Maria Ant\u00f4nia; Francisco Barreto. Tamb\u00e9m na Faculdade de Arquitetura da UFPel, e Anhanguera. Em Rio Grande, Emanuel levou o projeto ao Col\u00e9gio Salesiano. Ele explica: \u201cO principal intuito do projeto \u00e9 apresentar o skate como forma l\u00fadica e pr\u00e1tica prazerosa. Se me faz bem, tamb\u00e9m dever\u00e1 fazer a muitas outras pessoas. Se, no tempo que estudava, tivesse uma viv\u00eancia com arte urbana, me interessaria muito antes por toda a cultura envolvida.<\/p>\n<div id=\"attachment_51817\" style=\"width: 99px\" class=\"wp-caption alignright\"><a href=\"http:\/\/diariodamanhapelotas.com.br\/site\/wp-content\/uploads\/2016\/06\/emanuel-skate-clinica.jpg\" rel=\"lightbox\" title=\"SKATE  : Projeto \u201cNova Gera\u00e7\u00e3o\u201d visita escolas\"><img aria-describedby=\"caption-attachment-51817\" loading=\"lazy\" class=\"size-thumbnail wp-image-51817\" alt=\"Emanuel Bueno\" src=\"http:\/\/diariodamanhapelotas.com.br\/site\/wp-content\/uploads\/2016\/06\/emanuel-skate-clinica-89x150.jpg\" width=\"89\" height=\"150\" srcset=\"https:\/\/diariodamanhapelotas.com.br\/site\/wp-content\/uploads\/2016\/06\/emanuel-skate-clinica-89x150.jpg 89w, https:\/\/diariodamanhapelotas.com.br\/site\/wp-content\/uploads\/2016\/06\/emanuel-skate-clinica-179x300.jpg 179w\" sizes=\"(max-width: 89px) 100vw, 89px\" \/><\/a><p id=\"caption-attachment-51817\" class=\"wp-caption-text\">Emanuel Bueno<\/p><\/div>\n<p>Skate \u00e9 arte.\u00a0E o skate contribui para disciplina, al\u00e9m de diversos benef\u00edcios f\u00edsicos e mentais. Com o skate desenvolvemos a coordena\u00e7\u00e3o motora fina, bem como a percep\u00e7\u00e3o de espa\u00e7os. Andar de skate \u00e9 um excelente exerc\u00edcio aer\u00f3bico e ajuda bastante a tonificar alguns m\u00fasculos, como a panturrilha, quadr\u00edceps, tend\u00e3o, abd\u00f4men e trap\u00e9zio. Essa \u00e9 uma grande vantagem, pois, no caso do skate, pratica-se um esporte, cuidando da sa\u00fade, sem esperar um resultado em troca. De maneira geral, assim como outras pr\u00e1ticas esportivas, o skate ajuda a melhorar o condicionamento f\u00edsico, a coordena\u00e7\u00e3o motora, o equil\u00edbrio e a concentra\u00e7\u00e3o. E esse esporte, desde que bem aconselhado e, com investimento em equipamentos de seguran\u00e7a, pode garantir efeitos muito positivos em rela\u00e7\u00e3o ao conhecimento corporal e sa\u00fade para qualquer indiv\u00edduo, sobretudo as crian\u00e7as\u201d.<\/p>\n<p><b>ESPORTE<\/b> \u2013 Citando pesquisa do instituto DataFolha, realizada ano passado, Emanuel frisa que o skate \u00e9 o segundo esporte mais praticado no Pa\u00eds. S\u00e3o quase nove milh\u00f5es de skatistas pelas ruas, pistas e parques. Para a pr\u00e1tica, necess\u00e1ria aten\u00e7\u00e3o com a seguran\u00e7a e tr\u00e2nsito. O educador f\u00edsico menciona: \u201cCuidados com qualquer pr\u00e1tica esportiva, s\u00e3o sempre importantes. Com o skate, podemos usar equipamentos de prote\u00e7\u00e3o como joelheiras, cotoveleiras, munhequeiras e capacete.\u00a0Em Pelotas e, em muitos lugares, o skate \u00e9 praticado por variadas faixas et\u00e1rias, dos tr\u00eas aos 55 anos. Temos skatistas masters aqui, que amam o skate e \u00e9 seu estilo de vida.\u00a0Al\u00e9m disso, \u00e9 mercado que gera renda. Nos EUA e Europa, cada vez \u00e9 maior o espa\u00e7o a meios alternativos de transporte. E o skate \u00e9 um meio de transporte, f\u00e1cil de carregar e de \u00e1gil locomo\u00e7\u00e3o. Por aqui, no entanto, alguns motoristas s\u00e3o \u2018atrasados\u2019 e, ao inv\u00e9s de colaborar com meios alternativos, que contribuem com o meio ambiente, tratam de reclamar. Na verdade, as pensam s\u00e3o individualistas e n\u00e3o consideram muito o pr\u00f3ximo, que pode estar se locomovendo para divers\u00e3o, estudo ou trabalho\u201d.<\/p>\n<p><b>TRAJET\u00d3RIA<\/b> \u2013 Emanuel j\u00e1 realizou cursos em Porto Alegre e Florian\u00f3polis. Desde 2008 tem ministrado aulas de skate. Para quem n\u00e3o pode pagar, proporciona os projetos sociais com o skate. \u201cAo final de 2015 eu e minha namorada come\u00e7amos a realizar no computador, um projeto com aulas gratuitas de skate. A ideia era a viv\u00eancia da cultura urbana em escolas e universidades. Deu certo, hoje temos parceria com empresas privadas e tamb\u00e9m com a Prefeitura\u201d, ressalta. Ele informa que, dia 3 de julho \u00e0s 9h, \u00e0 rua Andrade Neves, trecho entre as ruas Volunt\u00e1rios e Dr. Cassiano, acontecer\u00e1 o Campeonato de Skate. Show com Josemar Will, e lan\u00e7amento do novo disco do rapper \u201cPok Sombra\u201d.<\/p>\n<div id=\"attachment_51818\" style=\"width: 650px\" class=\"wp-caption aligncenter\"><a href=\"http:\/\/diariodamanhapelotas.com.br\/site\/wp-content\/uploads\/2016\/06\/emanuel-skate-pelotense-jpg.jpg\" rel=\"lightbox\" title=\"SKATE  : Projeto \u201cNova Gera\u00e7\u00e3o\u201d visita escolas\"><img aria-describedby=\"caption-attachment-51818\" loading=\"lazy\" class=\" wp-image-51818 \" alt=\"Jovens comemoram o espa\u00e7o ao skate nas atividades da educa\u00e7\u00e3o p\u00fablica \" src=\"http:\/\/diariodamanhapelotas.com.br\/site\/wp-content\/uploads\/2016\/06\/emanuel-skate-pelotense-jpg.jpg\" width=\"640\" height=\"437\" srcset=\"https:\/\/diariodamanhapelotas.com.br\/site\/wp-content\/uploads\/2016\/06\/emanuel-skate-pelotense-jpg.jpg 800w, https:\/\/diariodamanhapelotas.com.br\/site\/wp-content\/uploads\/2016\/06\/emanuel-skate-pelotense-jpg-150x102.jpg 150w, https:\/\/diariodamanhapelotas.com.br\/site\/wp-content\/uploads\/2016\/06\/emanuel-skate-pelotense-jpg-300x204.jpg 300w\" sizes=\"(max-width: 640px) 100vw, 640px\" \/><\/a><p id=\"caption-attachment-51818\" class=\"wp-caption-text\">Jovens comemoram o espa\u00e7o ao skate nas atividades da educa\u00e7\u00e3o p\u00fablica<\/p><\/div>\n","protected":false},"excerpt":{"rendered":"<p>Teoria e pr\u00e1tica do skate t\u00eam sido levadas \u00e0 juventude nas escolas, iniciativa do educador f\u00edsico Emanuel Bueno Por Carlos Cogoy Mais de quinhentos alunos j\u00e1 participaram neste ano, da<\/p>\n","protected":false},"author":4,"featured_media":51815,"comment_status":"closed","ping_status":"closed","sticky":false,"template":"","format":"standard","meta":[],"categories":[305,32],"tags":[],"_links":{"self":[{"href":"https:\/\/diariodamanhapelotas.com.br\/site\/wp-json\/wp\/v2\/posts\/51814"}],"collection":[{"href":"https:\/\/diariodamanhapelotas.com.br\/site\/wp-json\/wp\/v2\/posts"}],"about":[{"href":"https:\/\/diariodamanhapelotas.com.br\/site\/wp-json\/wp\/v2\/types\/post"}],"author":[{"embeddable":true,"href":"https:\/\/diariodamanhapelotas.com.br\/site\/wp-json\/wp\/v2\/users\/4"}],"replies":[{"embeddable":true,"href":"https:\/\/diariodamanhapelotas.com.br\/site\/wp-json\/wp\/v2\/comments?post=51814"}],"version-history":[{"count":1,"href":"https:\/\/diariodamanhapelotas.com.br\/site\/wp-json\/wp\/v2\/posts\/51814\/revisions"}],"predecessor-version":[{"id":51819,"href":"https:\/\/diariodamanhapelotas.com.br\/site\/wp-json\/wp\/v2\/posts\/51814\/revisions\/51819"}],"wp:featuredmedia":[{"embeddable":true,"href":"https:\/\/diariodamanhapelotas.com.br\/site\/wp-json\/wp\/v2\/media\/51815"}],"wp:attachment":[{"href":"https:\/\/diariodamanhapelotas.com.br\/site\/wp-json\/wp\/v2\/media?parent=51814"}],"wp:term":[{"taxonomy":"category","embeddable":true,"href":"https:\/\/diariodamanhapelotas.com.br\/site\/wp-json\/wp\/v2\/categories?post=51814"},{"taxonomy":"post_tag","embeddable":true,"href":"https:\/\/diariodamanhapelotas.com.br\/site\/wp-json\/wp\/v2\/tags?post=51814"}],"curies":[{"name":"wp","href":"https:\/\/api.w.org\/{rel}","templated":true}]}}