{"id":51869,"date":"2016-06-24T17:35:17","date_gmt":"2016-06-24T20:35:17","guid":{"rendered":"http:\/\/diariodamanhapelotas.com.br\/site\/?p=51869"},"modified":"2016-06-24T17:35:17","modified_gmt":"2016-06-24T20:35:17","slug":"dando-circuito-de-musica-som-elementaldo-mineiro-erick-castanho","status":"publish","type":"post","link":"https:\/\/diariodamanhapelotas.com.br\/site\/dando-circuito-de-musica-som-elementaldo-mineiro-erick-castanho\/","title":{"rendered":"DAND\u00d4 CIRCUITO DE M\u00daSICA : Som \u201cElemental\u201ddo mineiro Erick Castanho"},"content":{"rendered":"<h2><b>Nesta sexta \u00e0s 20h na Casa do Trabalhador \u2013 rua Santa Cruz 2.454 -, cantoria com o violeiro mineiro Erick Castanho. Ingresso: R$10,00<\/b><\/h2>\n<p><b>Por Carlos Cogoy<\/b><\/p>\n<p><b>O<\/b>rquestra Natural, O Rastro do Fogo e Natureza em Aquarela. Composi\u00e7\u00f5es do violeiro e cantador Erick Castanho, em parceria com o pai Aldo Fran\u00e7a. As m\u00fasicas integram o repert\u00f3rio do artista que, nesta sexta \u00e0s 20h apresentar\u00e1 o show \u201cElemental\u201d \u2013 disco de estreia -, em Pelotas. Participando do projeto de cultura popular \u201cDand\u00f4 Circuito de M\u00fasica D\u00e9rcio Marques\u201d, Erick ser\u00e1 recepcionado pelo \u201c<i>bluesman<\/i>\u201d Mateus Brod que, na harm\u00f4nica, interpretar\u00e1 repert\u00f3rio regional. A realiza\u00e7\u00e3o \u00e9 do grupo \u201cTril#os\u201d com apoiadores: ECO restaurante e caf\u00e9; Sindicato da Alimenta\u00e7\u00e3o; ADUFPel; Sindicato dos Metal\u00fargicos; Sindicato dos Banc\u00e1rios e R\u00e1dio Com 104.5. Apresenta\u00e7\u00e3o na Casa do Trabalhador com ingresso a R$10,00. Amanh\u00e3, Erick estar\u00e1 \u00e0s 21h em Pedro Os\u00f3rio, e a apresenta\u00e7\u00e3o acontecer\u00e1 no audit\u00f3rio da Escola Municipal Get\u00falio Vargas \u2013 bairro Jayme Pons. Como anfitri\u00f5es do \u201cDand\u00f4\u201d na cidade vizinha, m\u00fasicos Milton Vaghetti e Juliano Tavares. Apoio da Prefeitura de Pedro Os\u00f3rio.<\/p>\n<p><b>MINEIRIDADE<\/b> &#8211; Erick Guimar\u00e3es Fran\u00e7a,<b> <\/b>artisticamente \u201cErick Castanho\u201d, \u00e9 natural de<b> <\/b>Ituiutaba, mas<b> <\/b>reside em Uberl\u00e2ndia.<b>\u00a0 <\/b>Ele menciona: \u201cCresci sob a influ\u00eancia musical do meu pai Aldo Fran\u00e7a, que escutava os discos de Elomar, D\u00e9rcio Marques, Milton Nascimento, Almir Sater, Xangai, Renato Teixeira, Pena Branca &amp; Xavantinho, Geraldo Azevedo, Pereira da Viola, Vital Farias. Comecei tocando viol\u00e3o aos doze anos, \u00e9poca em que minha fam\u00edlia participava das serestas mineiras. Junto com meu irm\u00e3o e meus pais, desenvolvi minhas habilidades instrumentais neste grupo de serenatas. Ouvindo e aprendendo nessa conviv\u00eancia, aprendi a tocar outros instrumentos como a viola, cavaquinho, percuss\u00e3o. Sempre baseado na observa\u00e7\u00e3o e nas viv\u00eancias.<b> <\/b>Apesar de sempre ter em casa discos dos artistas citados, na adolesc\u00eancia tamb\u00e9m entrei no mundo do blues e do rock. Nas bandas pude aprender a tocar e compor na guitarra, baixo e bateria. Por\u00e9m a &#8216;mineiridade&#8217; surgiu naturalmente, acompanhando os artistas mineiros que meu pai escutava e que representavam t\u00e3o bem a nossa terra e nossos costumes. Principalmente os queridos Pena Branca &amp; Xavantinho, que s\u00e3o tamb\u00e9m do tri\u00e2ngulo mineiro. Al\u00e9m disso, tamb\u00e9m o repert\u00f3rio das m\u00fasicas de dom\u00ednio p\u00fablico que permeiam nosso cotidiano nas Gerais. Esse trabalho regional e folcl\u00f3rico vem sendo moldado h\u00e1 muitos anos dentro de minha forma\u00e7\u00e3o musical. Mas a carreira solo, como Erick Castanho ganhou for\u00e7a apenas em 2010, quando comecei a participar dos festivais, principalmente dos universit\u00e1rios\u201d.<\/p>\n<p><b>APRENDIZADO<\/b> \u2013 Erick salienta a integra\u00e7\u00e3o cultural: \u201cPara essa apresenta\u00e7\u00e3o, a proposta \u00e9 levar comigo a viola de porongo, feita pelo amigo Levi Ramiro. Ent\u00e3o ser\u00e1 legitimamente a cantoria de um violeiro. As tem\u00e1ticas que carrego s\u00e3o ligadas \u00e0 natureza e valores humanos e hist\u00f3ricos, encontrados nos festejos populares. A cantoria que fa\u00e7o, tem como foco a conscientiza\u00e7\u00e3o de que os valores culturais e nosso meio ambiente, ainda mais o cerrado brasileiro, est\u00e3o amea\u00e7ados pelo esquecimento caso a classe art\u00edstica n\u00e3o se empenhe em levar isso adiante. Esse \u00e9 o mote do circuito Dand\u00f4, a dissemina\u00e7\u00e3o das culturas populares e a populariza\u00e7\u00e3o de m\u00fasicas que n\u00e3o frequentam as grandes m\u00eddias. Al\u00e9m dessa finalidade, o Dand\u00f4 tamb\u00e9m cumpre o papel de unir a cultura brasileira em todas as suas regi\u00f5es. E isso acontece atrav\u00e9s do interc\u00e2mbio e encontro desses mediadores e cantores. A experi\u00eancia que tive no Rio Grande do Sul foi enriquecedora, e serve tamb\u00e9m para assimila\u00e7\u00e3o de tradi\u00e7\u00f5es que n\u00e3o tenho contato, mostrando-se um grande aprendizado n\u00e3o s\u00f3 musical, mas cultural em sua abordagem mais ampla. Al\u00e9m de ser tamb\u00e9m uma oportunidade de reencontrar amigos queridos, e conhecer figuras emblem\u00e1ticas na luta pela conserva\u00e7\u00e3o da cultura, como por exemplo o Santana de Pedro Os\u00f3rio e tantos outros\u201d.<\/p>\n<div id=\"attachment_51870\" style=\"width: 219px\" class=\"wp-caption alignright\"><a href=\"http:\/\/diariodamanhapelotas.com.br\/site\/wp-content\/uploads\/2016\/06\/erick-castanho-2.jpg\" rel=\"lightbox\" title=\"DAND\u00d4 CIRCUITO DE M\u00daSICA : Som \u201cElemental\u201ddo mineiro Erick Castanho\"><img aria-describedby=\"caption-attachment-51870\" loading=\"lazy\" class=\"size-medium wp-image-51870\" alt=\"Erick desenvolve trabalho autoral h\u00e1 seis anos\" src=\"http:\/\/diariodamanhapelotas.com.br\/site\/wp-content\/uploads\/2016\/06\/erick-castanho-2-209x300.jpg\" width=\"209\" height=\"300\" srcset=\"https:\/\/diariodamanhapelotas.com.br\/site\/wp-content\/uploads\/2016\/06\/erick-castanho-2-209x300.jpg 209w, https:\/\/diariodamanhapelotas.com.br\/site\/wp-content\/uploads\/2016\/06\/erick-castanho-2-104x150.jpg 104w, https:\/\/diariodamanhapelotas.com.br\/site\/wp-content\/uploads\/2016\/06\/erick-castanho-2.jpg 320w\" sizes=\"(max-width: 209px) 100vw, 209px\" \/><\/a><p id=\"caption-attachment-51870\" class=\"wp-caption-text\">Erick desenvolve trabalho autoral h\u00e1 seis anos<\/p><\/div>\n<h2><b>Cantoria de abra\u00e7ar para \u201cEmCantar\u201d<\/b><\/h2>\n<p><b>E<\/b>m 2007 Erick Castanho foi agraciado com diploma na C\u00e2mara de Vereadores de Uberl\u00e2ndia. Numa iniciativa do vereador Felipe Atti\u00ea, que reconheceu o trabalho de resgate da cultura regional mineira, o m\u00fasico recebeu diploma alusivo \u00e0 contribui\u00e7\u00e3o com a arte de Uberl\u00e2ndia. Entre as premia\u00e7\u00f5es, seu trabalho autoral destacou-se no Festival de M\u00fasica Candanga da Universidade de Bras\u00edlia (FINCA\/UnB), edi\u00e7\u00f5es 2011 e 2012.<\/p>\n<p><b>E<\/b>m 2013 ele coordenou o projeto \u201cCantoria de Abra\u00e7ar\u201d que, realizado mensalmente, proporcionou a apresenta\u00e7\u00e3o de artistas como: Katya Teixeira; Ant\u00f4nio Galba; Pedro Ant\u00f4nio; Luiz Salgado; Chico Teixeira; Karine Telles; Sarah Abreu e Trem das Gerais. Para crian\u00e7as, Erick ministrou oficinas no projeto \u201cEmCantar\u201d.<\/p>\n<p><b>D<\/b>urante treze anos atuou como violonista, violeiro e arranjador do grupo de seresta \u201cCotovias ao luar\u201d. Na coordena\u00e7\u00e3o do grupo, participa\u00e7\u00e3o em eventos como a Seresta na Casa da Cultura, Caminhada Seresteira, Seresta no Parque.<\/p>\n<p><b>M<\/b>\u00fasico com forma\u00e7\u00e3o diversificada, participou como baterista, percussionista, guitarrista e vocalista, em grupos desde o \u201cPop rock\u201d at\u00e9 bossa nova. Como baixista, show \u201cC\u00e2nticos, um tributo a Cec\u00edlia Meireles\u201d. Arranjador e diretor art\u00edstico dos shows: \u201cLua e Flor\u201d; \u201cCitA\u00e7\u00f5es\u201d; \u201cM\u00fasicas de Nossa Terra\u201d e \u201cCantos e Contos Seresteiros\u201d. Nos espet\u00e1culos \u201cVozes no Vento\u201d (2012) e \u201cC\u00e2nticos de Uma Primavera\u201d (2011), esteve \u00e0 frente da dire\u00e7\u00e3o art\u00edstica. Em 2009, dividiu a dire\u00e7\u00e3o do show \u201cM\u00fasicas de Nossa Terra\u201d.<\/p>\n<h2><b>Disco \u201cElemental\u201d<\/b><\/h2>\n<p><b>E<\/b>m dezembro Erick lan\u00e7ou o primeiro disco \u201cElemental\u201d. No CD, mais de trinta artistas convidados, tanto brasileiros de diferentes regi\u00f5es, quanto representantes do Uruguai e Peru. O \u00e1lbum j\u00e1 foi lan\u00e7ado em Minas Gerais, Goi\u00e1s, Rio de Janeiro, S\u00e3o Paulo, Pernambuco, Rio Grande do Sul e Distrito Federal.<\/p>\n<p><b>SONORIDADE<\/b> \u2013 Sobre o disco ele acrescenta: \u201cReuni m\u00fasicas de anos de intensa viv\u00eancia art\u00edstica, participando de festivais autorais, apresenta\u00e7\u00f5es p\u00fablicas, projetos de circula\u00e7\u00e3o, festas e folias do povo, aprendendo e ensinando sobre as tem\u00e1ticas das tradi\u00e7\u00f5es populares. \u00c9 poss\u00edvel encontrar em &#8216;Elemental&#8217; ecos da m\u00fasica raiz, dos folclores medievais e andinos, das reminisc\u00eancias ind\u00edgenas e africanas e de todas essas influ\u00eancias assimiladas durante esses anos de estradar\u201d. Na internet: erickcastanho.com.br<\/p>\n<h2><b>Projeto \u201cDand\u00f4\u201d<\/b><\/h2>\n<p><b>E<\/b>m homenagem ao cantador e violeiro mineiro D\u00e9rcio Marques (1947\/2012), h\u00e1 quatro anos est\u00e1 em atividade o Circuito de M\u00fasica que o homenageia. Idealizado pela compositora e cantora Katya Teixeira, o projeto est\u00e1 consagrado como valoriza\u00e7\u00e3o da arte enraizada na identidade brasileira. Em 2014, o \u201cDand\u00f4\u201d conquistou o primeiro lugar do pr\u00eamio Brasil Criativo, categoria m\u00fasica, do Minist\u00e9rio da Cultura (MinC). Erick integra o projeto desde 2013.<\/p>\n<p><b>O <\/b>m\u00fasico acrescenta: \u201cO Dand\u00f4 \u00e9 um dos principais projetos de dissemina\u00e7\u00e3o da cultura regional no Pa\u00eds. Sem ele, provavelmente n\u00e3o teria acesso a tantos artistas diferentes e talentosos como tenho encontrado. O projeto tem a caracter\u00edstica de ser vantajoso para o artista que circula e forma novas plateias para o seu trabalho, bem como para o artista local que se fortalece formando p\u00fablico cativo e conhecendo artistas de outras regi\u00f5es. Ainda \u00e9 poss\u00edvel criar uma proximidade com o seu p\u00fablico atrav\u00e9s do contato direto ao fim das apresenta\u00e7\u00f5es. Tenho muito orgulho e alegria de poder participar de um projeto t\u00e3o belo e importante para a cultura brasileira. E tenho aprendido muito com toda essa viv\u00eancia, que re\u00fane tanta gente boa e talentosa\u201d.<b><\/b><\/p>\n","protected":false},"excerpt":{"rendered":"<p>Nesta sexta \u00e0s 20h na Casa do Trabalhador \u2013 rua Santa Cruz 2.454 -, cantoria com o violeiro mineiro Erick Castanho. Ingresso: R$10,00 Por Carlos Cogoy Orquestra Natural, O Rastro<\/p>\n","protected":false},"author":4,"featured_media":51870,"comment_status":"closed","ping_status":"closed","sticky":false,"template":"","format":"standard","meta":[],"categories":[32],"tags":[],"_links":{"self":[{"href":"https:\/\/diariodamanhapelotas.com.br\/site\/wp-json\/wp\/v2\/posts\/51869"}],"collection":[{"href":"https:\/\/diariodamanhapelotas.com.br\/site\/wp-json\/wp\/v2\/posts"}],"about":[{"href":"https:\/\/diariodamanhapelotas.com.br\/site\/wp-json\/wp\/v2\/types\/post"}],"author":[{"embeddable":true,"href":"https:\/\/diariodamanhapelotas.com.br\/site\/wp-json\/wp\/v2\/users\/4"}],"replies":[{"embeddable":true,"href":"https:\/\/diariodamanhapelotas.com.br\/site\/wp-json\/wp\/v2\/comments?post=51869"}],"version-history":[{"count":1,"href":"https:\/\/diariodamanhapelotas.com.br\/site\/wp-json\/wp\/v2\/posts\/51869\/revisions"}],"predecessor-version":[{"id":51871,"href":"https:\/\/diariodamanhapelotas.com.br\/site\/wp-json\/wp\/v2\/posts\/51869\/revisions\/51871"}],"wp:featuredmedia":[{"embeddable":true,"href":"https:\/\/diariodamanhapelotas.com.br\/site\/wp-json\/wp\/v2\/media\/51870"}],"wp:attachment":[{"href":"https:\/\/diariodamanhapelotas.com.br\/site\/wp-json\/wp\/v2\/media?parent=51869"}],"wp:term":[{"taxonomy":"category","embeddable":true,"href":"https:\/\/diariodamanhapelotas.com.br\/site\/wp-json\/wp\/v2\/categories?post=51869"},{"taxonomy":"post_tag","embeddable":true,"href":"https:\/\/diariodamanhapelotas.com.br\/site\/wp-json\/wp\/v2\/tags?post=51869"}],"curies":[{"name":"wp","href":"https:\/\/api.w.org\/{rel}","templated":true}]}}