{"id":51993,"date":"2016-06-29T09:43:12","date_gmt":"2016-06-29T12:43:12","guid":{"rendered":"http:\/\/diariodamanhapelotas.com.br\/site\/?p=51993"},"modified":"2016-06-29T11:02:43","modified_gmt":"2016-06-29T14:02:43","slug":"ufpel-comunidade-segue-votando-no-segundo-turno-para-a-reitoria","status":"publish","type":"post","link":"https:\/\/diariodamanhapelotas.com.br\/site\/ufpel-comunidade-segue-votando-no-segundo-turno-para-a-reitoria\/","title":{"rendered":"UFPEL : Comunidade segue votando no segundo turno para a Reitoria"},"content":{"rendered":"<p>A comunidade universit\u00e1ria est\u00e1 comparecendo \u00e0s urnas, desde as primeiras horas de ontem, para definir quem vai dirigir a UFPel nos pr\u00f3ximos quatro anos. \u00c9 o segundo turno da elei\u00e7\u00e3o para a Reitoria, que ocorre at\u00e9 hoje, por volta das 22h30min, quando a \u00faltima urna ser\u00e1 fechada. O pleito ocorre em todos os campi da Institui\u00e7\u00e3o, em Pelotas e no Cap\u00e3o do Le\u00e3o, com urnas fixas e volantes.<\/p>\n<p>S\u00e3o cerca de 22,5 mil pessoas, entre servidores t\u00e9cnico-administrativos e docentes e estudantes, de gradua\u00e7\u00e3o e de p\u00f3s-gradua\u00e7\u00e3o, aptas a votar.\u00a0 Na quinta-feira, \u00e0s 9h, no audit\u00f3rio externo do Col\u00e9gio Pelotense, come\u00e7a a apura\u00e7\u00e3o dos votos. O resultado deve ser conhecido ainda na quinta-feira. A nova gest\u00e3o come\u00e7a em 12 de janeiro de 2017.<\/p>\n<p>Concorrem neste segundo turno a Chapa 2 \u2013 \u201cViva a Transforma\u00e7\u00e3o\u201d ( veja o programa em \u2013<a href=\"http:\/\/goo.gl\/2yRQOV\">\u00a0<\/a>Mauro Augusto Burkert Del Pino, candidato a reitor, e Luciane Prado Kantorski, candidata a vice-reitora; e a Chapa 4 \u2013 \u201cUma UFPel Diferente\u201d , Pedro Rodrigues Curi Hallal, candidato a reitor, e Luis Isaias Centeno do Amaral, candidato a vice-reitor.<\/p>\n","protected":false},"excerpt":{"rendered":"<p>A comunidade universit\u00e1ria est\u00e1 comparecendo \u00e0s urnas, desde as primeiras horas de ontem, para definir quem vai dirigir a UFPel nos pr\u00f3ximos quatro anos. \u00c9 o segundo turno da elei\u00e7\u00e3o<\/p>\n","protected":false},"author":4,"featured_media":51994,"comment_status":"closed","ping_status":"closed","sticky":false,"template":"","format":"standard","meta":[],"categories":[305,30],"tags":[],"_links":{"self":[{"href":"https:\/\/diariodamanhapelotas.com.br\/site\/wp-json\/wp\/v2\/posts\/51993"}],"collection":[{"href":"https:\/\/diariodamanhapelotas.com.br\/site\/wp-json\/wp\/v2\/posts"}],"about":[{"href":"https:\/\/diariodamanhapelotas.com.br\/site\/wp-json\/wp\/v2\/types\/post"}],"author":[{"embeddable":true,"href":"https:\/\/diariodamanhapelotas.com.br\/site\/wp-json\/wp\/v2\/users\/4"}],"replies":[{"embeddable":true,"href":"https:\/\/diariodamanhapelotas.com.br\/site\/wp-json\/wp\/v2\/comments?post=51993"}],"version-history":[{"count":2,"href":"https:\/\/diariodamanhapelotas.com.br\/site\/wp-json\/wp\/v2\/posts\/51993\/revisions"}],"predecessor-version":[{"id":52006,"href":"https:\/\/diariodamanhapelotas.com.br\/site\/wp-json\/wp\/v2\/posts\/51993\/revisions\/52006"}],"wp:featuredmedia":[{"embeddable":true,"href":"https:\/\/diariodamanhapelotas.com.br\/site\/wp-json\/wp\/v2\/media\/51994"}],"wp:attachment":[{"href":"https:\/\/diariodamanhapelotas.com.br\/site\/wp-json\/wp\/v2\/media?parent=51993"}],"wp:term":[{"taxonomy":"category","embeddable":true,"href":"https:\/\/diariodamanhapelotas.com.br\/site\/wp-json\/wp\/v2\/categories?post=51993"},{"taxonomy":"post_tag","embeddable":true,"href":"https:\/\/diariodamanhapelotas.com.br\/site\/wp-json\/wp\/v2\/tags?post=51993"}],"curies":[{"name":"wp","href":"https:\/\/api.w.org\/{rel}","templated":true}]}}