{"id":52414,"date":"2016-07-12T10:21:46","date_gmt":"2016-07-12T13:21:46","guid":{"rendered":"http:\/\/diariodamanhapelotas.com.br\/site\/?p=52414"},"modified":"2016-07-12T10:21:46","modified_gmt":"2016-07-12T13:21:46","slug":"criacoes-de-cinquenta-artistas-em-coletiva-internacional","status":"publish","type":"post","link":"https:\/\/diariodamanhapelotas.com.br\/site\/criacoes-de-cinquenta-artistas-em-coletiva-internacional\/","title":{"rendered":"Cria\u00e7\u00f5es de cinquenta artistas em coletiva internacional"},"content":{"rendered":"<p><b>P<\/b>a\u00edses que est\u00e3o representados na coletiva \u201c1\u00aa\u00a0Hello Arte Internacional\u201d: Brasil; Fran\u00e7a; Col\u00f4mbia; Argentina; Uruguai e M\u00e9xico. Com a coordena\u00e7\u00e3o de Mara Nunes,\u00a0mais\u00a0de cinquenta artistas est\u00e3o participando com pinturas, desenhos, fotografias e objetos. Como local, o espa\u00e7o cultural do Hello Hostel Design \u2013 rua 15 de Novembro 958. Visita\u00e7\u00e3o aberta ao p\u00fablico das 10h \u00e0 19h at\u00e9 dia 22. Informa\u00e7\u00f5es: 3302.7001.<\/p>\n<div id=\"attachment_52415\" style=\"width: 310px\" class=\"wp-caption alignright\"><a href=\"http:\/\/diariodamanhapelotas.com.br\/site\/wp-content\/uploads\/2016\/07\/mara-nunes-arte-hostel.jpg\" rel=\"lightbox\" title=\"Cria\u00e7\u00f5es de cinquenta artistas em coletiva internacional\"><img aria-describedby=\"caption-attachment-52415\" loading=\"lazy\" class=\"size-medium wp-image-52415\" alt=\"Artista visual Mara Nunes convida a comunidade para prestigiar a coletiva \" src=\"http:\/\/diariodamanhapelotas.com.br\/site\/wp-content\/uploads\/2016\/07\/mara-nunes-arte-hostel-300x193.jpg\" width=\"300\" height=\"193\" srcset=\"https:\/\/diariodamanhapelotas.com.br\/site\/wp-content\/uploads\/2016\/07\/mara-nunes-arte-hostel-300x193.jpg 300w, https:\/\/diariodamanhapelotas.com.br\/site\/wp-content\/uploads\/2016\/07\/mara-nunes-arte-hostel-150x96.jpg 150w, https:\/\/diariodamanhapelotas.com.br\/site\/wp-content\/uploads\/2016\/07\/mara-nunes-arte-hostel.jpg 800w\" sizes=\"(max-width: 300px) 100vw, 300px\" \/><\/a><p id=\"caption-attachment-52415\" class=\"wp-caption-text\">Artista visual Mara Nunes convida a comunidade para prestigiar a coletiva<\/p><\/div>\n<p><b>PARTICIPANTES:<\/b><b>\u00a0<\/b>Adriane Hernandez; Alice Monsell (Orange,\u00a0New Jersey);<b>\u00a0<\/b>Airton Moreira; Ana Paula<b>\u00a0<\/b>Maich; Andr\u00e9 Barbachan; Alexandre Lettnin; Bettina Wieth; Ben Pons (Fran\u00e7a); Bruna Britto;Carolina Rochefort; Carla Borin; Carla Thiel; C\u00e1tia Taveira; Cl\u00e1u Paranhos;<b>\u00a0<\/b>Daniela Meine; Duda Gon\u00e7alves; Elaine Dias; Edwin Morales (Col\u00f4mbia); Francis Silva; Francisco Furtado Camargo; Fer Pietra (Argentina); Guinr; Grupo Superf\u00edcie (Carla Borin, Carla Thiel, Daniela Meine, Mariza Fernanda e Paloma de Leon); Gracia Casaretto; Gra\u00e7a Gularte; Giane Casaretto; Helene Sacco;<b>\u00a0<\/b>Izabel Neitzel; J\u00e9r\u00f4me Rehel (Fran\u00e7a); Junior Asnoum; Leandro Rodrigues; Marcia Sousa; Marcelo Calheiros; Mara Nunes; Mario Schuster; Mariana Corteze; Maumau; Mariza Fernanda; Marta Dutra; Mariane D\u2019Avila; Neco Tavares; Paloma de Leon; Pedro Paiva; Rejane Brayer; Rita Rickes; Rossana Dam\u00e9; Ra\u00fal Caudillo (M\u00e9xico); Sonia Gamino; Sabina Sebasti (Uruguai); Tiago Inq; Violeta Vite (M\u00e9xico); Walter Karwatzki; Yggdra N.; Zenilda Cardozo.<\/p>\n<p><b>(C0G0Y)<\/b><\/p>\n<p>&nbsp;<\/p>\n","protected":false},"excerpt":{"rendered":"<p>Pa\u00edses que est\u00e3o representados na coletiva \u201c1\u00aa\u00a0Hello Arte Internacional\u201d: Brasil; Fran\u00e7a; Col\u00f4mbia; Argentina; Uruguai e M\u00e9xico. Com a coordena\u00e7\u00e3o de Mara Nunes,\u00a0mais\u00a0de cinquenta artistas est\u00e3o participando com pinturas, desenhos, fotografias<\/p>\n","protected":false},"author":4,"featured_media":52415,"comment_status":"closed","ping_status":"closed","sticky":false,"template":"","format":"standard","meta":[],"categories":[305,32],"tags":[],"_links":{"self":[{"href":"https:\/\/diariodamanhapelotas.com.br\/site\/wp-json\/wp\/v2\/posts\/52414"}],"collection":[{"href":"https:\/\/diariodamanhapelotas.com.br\/site\/wp-json\/wp\/v2\/posts"}],"about":[{"href":"https:\/\/diariodamanhapelotas.com.br\/site\/wp-json\/wp\/v2\/types\/post"}],"author":[{"embeddable":true,"href":"https:\/\/diariodamanhapelotas.com.br\/site\/wp-json\/wp\/v2\/users\/4"}],"replies":[{"embeddable":true,"href":"https:\/\/diariodamanhapelotas.com.br\/site\/wp-json\/wp\/v2\/comments?post=52414"}],"version-history":[{"count":1,"href":"https:\/\/diariodamanhapelotas.com.br\/site\/wp-json\/wp\/v2\/posts\/52414\/revisions"}],"predecessor-version":[{"id":52416,"href":"https:\/\/diariodamanhapelotas.com.br\/site\/wp-json\/wp\/v2\/posts\/52414\/revisions\/52416"}],"wp:featuredmedia":[{"embeddable":true,"href":"https:\/\/diariodamanhapelotas.com.br\/site\/wp-json\/wp\/v2\/media\/52415"}],"wp:attachment":[{"href":"https:\/\/diariodamanhapelotas.com.br\/site\/wp-json\/wp\/v2\/media?parent=52414"}],"wp:term":[{"taxonomy":"category","embeddable":true,"href":"https:\/\/diariodamanhapelotas.com.br\/site\/wp-json\/wp\/v2\/categories?post=52414"},{"taxonomy":"post_tag","embeddable":true,"href":"https:\/\/diariodamanhapelotas.com.br\/site\/wp-json\/wp\/v2\/tags?post=52414"}],"curies":[{"name":"wp","href":"https:\/\/api.w.org\/{rel}","templated":true}]}}