{"id":52541,"date":"2016-07-15T09:29:22","date_gmt":"2016-07-15T12:29:22","guid":{"rendered":"http:\/\/diariodamanhapelotas.com.br\/site\/?p=52541"},"modified":"2016-07-15T09:29:22","modified_gmt":"2016-07-15T12:29:22","slug":"dona-frida-encerra-temporada","status":"publish","type":"post","link":"https:\/\/diariodamanhapelotas.com.br\/site\/dona-frida-encerra-temporada\/","title":{"rendered":"\u201cDona Frida\u2019 encerra temporada"},"content":{"rendered":"<p><b>N<\/b>esta sexta, amanh\u00e3 e domingo \u00e0s 19h, \u00faltimas apresenta\u00e7\u00f5es da pe\u00e7a \u201cDona Frida\u201d. A montagem da trupe \u201cVoc\u00ea sabe quem Cia. de Teatro\u201d est\u00e1 encerrando temporada. O espet\u00e1culo conta com financiamento do Programa Municipal de Incentivo \u00e0 Cultura (PROCULTURA), e as exibi\u00e7\u00f5es s\u00e3o na Bibliotheca P\u00fablica Pelotense. Classifica\u00e7\u00e3o indicativa: doze anos. ENTRADA FRANCA.<\/p>\n<p><b>C<\/b>om\u00e9dia melodram\u00e1tica que beira a trag\u00e9dia. Assim, a trupe \u201cVoc\u00ea Sabe Quem Cia. de Teatro\u201d identifica a montagem \u201cDona Frida\u201d, cuja estreia aconteceu a 1\u00ba deste m\u00eas. Tamb\u00e9m houve apresenta\u00e7\u00f5es dias 2, 3, 8 e 10.<\/p>\n<p><b>VI\u00daVA<\/b>\u00a0\u2013 O grupo menciona: \u201cA pe\u00e7a se passa nos anos loucos e acompanha a vida da fam\u00edlia de \u2018Dona Frida\u2019. Uma senhora vi\u00fava que levava uma vida bastante tranquila, at\u00e9 descobrir que estava sendo v\u00edtima de um plano nefasto. Nessa hist\u00f3ria, que parece mais um roteiro de radionovela, n\u00e3o ser\u00e1 t\u00e3o f\u00e1cil assim se livrar da matriarca da fam\u00edlia\u201d. No elenco: Aline Cotrim; D\u00e2maris Cogno; Diego Carvalho; Eduarda Bento.\u00a0 A dire\u00e7\u00e3o e concep\u00e7\u00e3o dramat\u00fargica, s\u00e3o cria\u00e7\u00f5es de Thalles Echeverry. Na ilumina\u00e7\u00e3o, Iago Mattos, sonoplastia de Evelin Suchard, cen\u00e1rio e figurinos de Aline Cotrim. A maquiagem \u00e9 de Ta\u00eds Galindo.<\/p>\n<p><b>CIA.<\/b> surgiu h\u00e1 tr\u00eas anos com o objetivo de experimentar novas linguagens c\u00eanicas, bem como proporcionar a experi\u00eancia teatral com cursos e forma\u00e7\u00e3o de p\u00fablico. \u201cN\u00e3o pretendemos ser apenas mais um grupo teatral, e sim um agente cultural transformador, transmitindo cultura e propondo di\u00e1logos pol\u00edticos pedag\u00f3gicos por meio das apresenta\u00e7\u00f5es\u201d, ressaltam os integrantes.<\/p>\n<p><b>(C0G0Y)<\/b><b><\/b><\/p>\n","protected":false},"excerpt":{"rendered":"<p>Nesta sexta, amanh\u00e3 e domingo \u00e0s 19h, \u00faltimas apresenta\u00e7\u00f5es da pe\u00e7a \u201cDona Frida\u201d. A montagem da trupe \u201cVoc\u00ea sabe quem Cia. de Teatro\u201d est\u00e1 encerrando temporada. O espet\u00e1culo conta com<\/p>\n","protected":false},"author":4,"featured_media":52542,"comment_status":"closed","ping_status":"closed","sticky":false,"template":"","format":"standard","meta":[],"categories":[32],"tags":[],"_links":{"self":[{"href":"https:\/\/diariodamanhapelotas.com.br\/site\/wp-json\/wp\/v2\/posts\/52541"}],"collection":[{"href":"https:\/\/diariodamanhapelotas.com.br\/site\/wp-json\/wp\/v2\/posts"}],"about":[{"href":"https:\/\/diariodamanhapelotas.com.br\/site\/wp-json\/wp\/v2\/types\/post"}],"author":[{"embeddable":true,"href":"https:\/\/diariodamanhapelotas.com.br\/site\/wp-json\/wp\/v2\/users\/4"}],"replies":[{"embeddable":true,"href":"https:\/\/diariodamanhapelotas.com.br\/site\/wp-json\/wp\/v2\/comments?post=52541"}],"version-history":[{"count":1,"href":"https:\/\/diariodamanhapelotas.com.br\/site\/wp-json\/wp\/v2\/posts\/52541\/revisions"}],"predecessor-version":[{"id":52543,"href":"https:\/\/diariodamanhapelotas.com.br\/site\/wp-json\/wp\/v2\/posts\/52541\/revisions\/52543"}],"wp:featuredmedia":[{"embeddable":true,"href":"https:\/\/diariodamanhapelotas.com.br\/site\/wp-json\/wp\/v2\/media\/52542"}],"wp:attachment":[{"href":"https:\/\/diariodamanhapelotas.com.br\/site\/wp-json\/wp\/v2\/media?parent=52541"}],"wp:term":[{"taxonomy":"category","embeddable":true,"href":"https:\/\/diariodamanhapelotas.com.br\/site\/wp-json\/wp\/v2\/categories?post=52541"},{"taxonomy":"post_tag","embeddable":true,"href":"https:\/\/diariodamanhapelotas.com.br\/site\/wp-json\/wp\/v2\/tags?post=52541"}],"curies":[{"name":"wp","href":"https:\/\/api.w.org\/{rel}","templated":true}]}}