{"id":53191,"date":"2016-08-04T09:32:46","date_gmt":"2016-08-04T12:32:46","guid":{"rendered":"http:\/\/diariodamanhapelotas.com.br\/site\/?p=53191"},"modified":"2016-08-04T09:32:46","modified_gmt":"2016-08-04T12:32:46","slug":"cesto-basico-tem-queda-de-273-em-julho","status":"publish","type":"post","link":"https:\/\/diariodamanhapelotas.com.br\/site\/cesto-basico-tem-queda-de-273-em-julho\/","title":{"rendered":"Cesto b\u00e1sico tem queda de 2,73% em julho"},"content":{"rendered":"<p>O\u00a0 Procon\u00a0 Pelotas, atrav\u00e9s do Servi\u00e7o de Educa\u00e7\u00e3o ao Consumidor, realizou a pesquisa de pre\u00e7os dos 51 produtos que comp\u00f5em o Cesto B\u00e1sico em tr\u00eas redes de supermercados de Pelotas (Guanabara, Nacional e Para\u00edso) e no dia 30 de\u00a0 julho registrou uma queda de 2,73%. O valor do Cesto diminuiu de R$ 826,69 para R$ 804,15 no m\u00eas que passou.<\/p>\n<p>Os produtos que registraram maior altera\u00e7\u00e3o, seja para mais ou para menos, foram:<\/p>\n<h2>QUEDAS:<\/h2>\n<p>1) Cebola:\u00a0 66,91% (em junho a queda foi de 40,18%)<\/p>\n<p>2) Cenoura: 52,04 (junho a queda foi de 38,10%)<\/p>\n<p>3) Mam\u00e3o Formosa Kg: 41,04 (em junho a queda foi de 28,86%)<\/p>\n<p>4) Laranja Kg: 32,64% (em junho a queda foi de 15,09%)<\/p>\n<h2>AUMENTOS:<\/h2>\n<p>1) Tomate Kg: 30,46% (em junho o aumento foi de 25%)<\/p>\n<p>2) Leite Longa Vida Integral: 30,06%<\/p>\n<p>3) Ovos de granja d\u00fazia: 13,14%<\/p>\n<p>4) Arroz: 6,49 % (em junho j\u00e1 registrou aumento de17,56%)<\/p>\n<p>5) Feij\u00e3o Preto Kg: 3,10% (em junho o aumento foi de\u00a0 43,44%)<\/p>\n<p>Est\u00e1veis: g\u00e1s de cozinha e cigarros.<\/p>\n<p><strong>RA\u00c7\u00c3O ESSENCIAL<\/strong><\/p>\n<p>A Ra\u00e7\u00e3o essencial, composta dos 13 produtos que devem atender as necessidades essenciais de uma pessoa durante um m\u00eas, tamb\u00e9m teve uma queda de 2,14%, passou de R$ 404,21 para R$ 395,56.<\/p>\n<p><strong>O CESTO B\u00c1SICO<\/strong><\/p>\n<p>Mensalmente \u00e9 realizada pesquisa de pre\u00e7os dos 51 produtos que comp\u00f5em o Cesto B\u00e1sico baseada em estudo do N\u00facleo de Pesquisa e Estat\u00edstica do Centro de Estudos e Pesquisas Econ\u00f4micas (IEPE) da Universidade Federal do Rio Grande do Sul (UFRGS), determinada a partir de informa\u00e7\u00f5es da Pesquisa Or\u00e7amento Familiar (POF) realizada pelo IBGE 2002\/2003.<\/p>\n","protected":false},"excerpt":{"rendered":"<p>O\u00a0 Procon\u00a0 Pelotas, atrav\u00e9s do Servi\u00e7o de Educa\u00e7\u00e3o ao Consumidor, realizou a pesquisa de pre\u00e7os dos 51 produtos que comp\u00f5em o Cesto B\u00e1sico em tr\u00eas redes de supermercados de Pelotas<\/p>\n","protected":false},"author":4,"featured_media":46293,"comment_status":"closed","ping_status":"closed","sticky":false,"template":"","format":"standard","meta":[],"categories":[31],"tags":[],"_links":{"self":[{"href":"https:\/\/diariodamanhapelotas.com.br\/site\/wp-json\/wp\/v2\/posts\/53191"}],"collection":[{"href":"https:\/\/diariodamanhapelotas.com.br\/site\/wp-json\/wp\/v2\/posts"}],"about":[{"href":"https:\/\/diariodamanhapelotas.com.br\/site\/wp-json\/wp\/v2\/types\/post"}],"author":[{"embeddable":true,"href":"https:\/\/diariodamanhapelotas.com.br\/site\/wp-json\/wp\/v2\/users\/4"}],"replies":[{"embeddable":true,"href":"https:\/\/diariodamanhapelotas.com.br\/site\/wp-json\/wp\/v2\/comments?post=53191"}],"version-history":[{"count":1,"href":"https:\/\/diariodamanhapelotas.com.br\/site\/wp-json\/wp\/v2\/posts\/53191\/revisions"}],"predecessor-version":[{"id":53192,"href":"https:\/\/diariodamanhapelotas.com.br\/site\/wp-json\/wp\/v2\/posts\/53191\/revisions\/53192"}],"wp:featuredmedia":[{"embeddable":true,"href":"https:\/\/diariodamanhapelotas.com.br\/site\/wp-json\/wp\/v2\/media\/46293"}],"wp:attachment":[{"href":"https:\/\/diariodamanhapelotas.com.br\/site\/wp-json\/wp\/v2\/media?parent=53191"}],"wp:term":[{"taxonomy":"category","embeddable":true,"href":"https:\/\/diariodamanhapelotas.com.br\/site\/wp-json\/wp\/v2\/categories?post=53191"},{"taxonomy":"post_tag","embeddable":true,"href":"https:\/\/diariodamanhapelotas.com.br\/site\/wp-json\/wp\/v2\/tags?post=53191"}],"curies":[{"name":"wp","href":"https:\/\/api.w.org\/{rel}","templated":true}]}}