{"id":53241,"date":"2016-08-05T09:29:58","date_gmt":"2016-08-05T12:29:58","guid":{"rendered":"http:\/\/diariodamanhapelotas.com.br\/site\/?p=53241"},"modified":"2016-08-05T09:29:58","modified_gmt":"2016-08-05T12:29:58","slug":"cpers-discute-proposta-governamental","status":"publish","type":"post","link":"https:\/\/diariodamanhapelotas.com.br\/site\/cpers-discute-proposta-governamental\/","title":{"rendered":"CPERS discute proposta governamental"},"content":{"rendered":"<h2><b>Entidade participa de movimento contr\u00e1rio ao projeto que prev\u00ea mudan\u00e7a na estrutura de diversos servi\u00e7os p\u00fablicos<\/b><\/h2>\n<p>A proposta do governo do Rio Grande o Sul enviada \u00e0 Assembleia Legislativa, projeto de lei 44, que prev\u00ea que entidades privadas sem fins lucrativos, qualificadas como organiza\u00e7\u00f5es sociais, possam firmar parcerias com o poder p\u00fablico para exercer atividades em \u00e1reas como o ensino, sa\u00fade, cultura e preserva\u00e7\u00e3o ao meio ambiente, est\u00e1 dando o que falar. E muito. A proposi\u00e7\u00e3o tamb\u00e9m prev\u00ea que essas entidades poder\u00e3o receber recursos p\u00fablicos e at\u00e9 mesmo estruturas f\u00edsicas pertencentes ao Estado.<\/p>\n<p>Enquanto a proposta espera pela decis\u00e3o dos deputados, v\u00e1rios movimentos de servidores p\u00fablicos tentam evitar o que consideram a privatiza\u00e7\u00e3o da educa\u00e7\u00e3o e dos servi\u00e7os que constam no projeto.<\/p>\n<div id=\"attachment_53243\" style=\"width: 310px\" class=\"wp-caption alignleft\"><a href=\"http:\/\/diariodamanhapelotas.com.br\/site\/wp-content\/uploads\/2016\/08\/cpers-04.jpg\" rel=\"lightbox\" title=\"CPERS discute proposta governamental\"><img aria-describedby=\"caption-attachment-53243\" loading=\"lazy\" class=\"size-medium wp-image-53243\" alt=\"HELENIR e Mauro representam a entidade dos professores estaduais\" src=\"http:\/\/diariodamanhapelotas.com.br\/site\/wp-content\/uploads\/2016\/08\/cpers-04-300x201.jpg\" width=\"300\" height=\"201\" srcset=\"https:\/\/diariodamanhapelotas.com.br\/site\/wp-content\/uploads\/2016\/08\/cpers-04-300x201.jpg 300w, https:\/\/diariodamanhapelotas.com.br\/site\/wp-content\/uploads\/2016\/08\/cpers-04-150x100.jpg 150w, https:\/\/diariodamanhapelotas.com.br\/site\/wp-content\/uploads\/2016\/08\/cpers-04.jpg 800w\" sizes=\"(max-width: 300px) 100vw, 300px\" \/><\/a><p id=\"caption-attachment-53243\" class=\"wp-caption-text\">HELENIR e Mauro representam a entidade dos professores estaduais<\/p><\/div>\n<p>Em Pelotas, ontem \u00e0 noite, houve audi\u00eancia p\u00fablica na C\u00e2mara Municipal, coordenada pela Frente Parlamentar em Defesa do Servi\u00e7o P\u00fablico, com a presen\u00e7a de lideran\u00e7as locais e estaduais, dentre as quais do CPERS\/Sindicato, como a presidente da entidade no Estado, Helenir Sch\u00fcrer.<\/p>\n<p>\u201cH\u00e1 uma preocupa\u00e7\u00e3o geral com essa possibilidade de o setor privado vir a administrar os servi\u00e7os p\u00fablicos. E \u00e9 isso que estamos discutindo, para chamar a aten\u00e7\u00e3o da sociedade enquanto h\u00e1 tempo, pois caso a proposta seja aprovada haver\u00e1 muito preju\u00edzo e ser\u00e1 muito dif\u00edcil recuperar\u201d, diz a l\u00edder, que esteve em visita ao <b>Di\u00e1rio da Manh\u00e3<\/b>, na companhia do diretor-geral do 24\u00ba N\u00facleo, Mauro Rog\u00e9rio Amaral.<\/p>\n<p><b>GREVE <\/b>&#8211; Sobre a recupera\u00e7\u00e3o dos dias em que os professores estiveram parados durante a greve do magist\u00e9rio ga\u00facho, ocorrida entre 13 de maio e 6 de julho deste ano, Mauro diz que est\u00e1 havendo discuss\u00f5es no sentido de definir um calend\u00e1rio que atenda \u00e0s necessidade de cada comunidade escolar.<\/p>\n","protected":false},"excerpt":{"rendered":"<p>Entidade participa de movimento contr\u00e1rio ao projeto que prev\u00ea mudan\u00e7a na estrutura de diversos servi\u00e7os p\u00fablicos A proposta do governo do Rio Grande o Sul enviada \u00e0 Assembleia Legislativa, projeto<\/p>\n","protected":false},"author":4,"featured_media":53243,"comment_status":"closed","ping_status":"closed","sticky":false,"template":"","format":"standard","meta":[],"categories":[305,30],"tags":[],"_links":{"self":[{"href":"https:\/\/diariodamanhapelotas.com.br\/site\/wp-json\/wp\/v2\/posts\/53241"}],"collection":[{"href":"https:\/\/diariodamanhapelotas.com.br\/site\/wp-json\/wp\/v2\/posts"}],"about":[{"href":"https:\/\/diariodamanhapelotas.com.br\/site\/wp-json\/wp\/v2\/types\/post"}],"author":[{"embeddable":true,"href":"https:\/\/diariodamanhapelotas.com.br\/site\/wp-json\/wp\/v2\/users\/4"}],"replies":[{"embeddable":true,"href":"https:\/\/diariodamanhapelotas.com.br\/site\/wp-json\/wp\/v2\/comments?post=53241"}],"version-history":[{"count":1,"href":"https:\/\/diariodamanhapelotas.com.br\/site\/wp-json\/wp\/v2\/posts\/53241\/revisions"}],"predecessor-version":[{"id":53245,"href":"https:\/\/diariodamanhapelotas.com.br\/site\/wp-json\/wp\/v2\/posts\/53241\/revisions\/53245"}],"wp:featuredmedia":[{"embeddable":true,"href":"https:\/\/diariodamanhapelotas.com.br\/site\/wp-json\/wp\/v2\/media\/53243"}],"wp:attachment":[{"href":"https:\/\/diariodamanhapelotas.com.br\/site\/wp-json\/wp\/v2\/media?parent=53241"}],"wp:term":[{"taxonomy":"category","embeddable":true,"href":"https:\/\/diariodamanhapelotas.com.br\/site\/wp-json\/wp\/v2\/categories?post=53241"},{"taxonomy":"post_tag","embeddable":true,"href":"https:\/\/diariodamanhapelotas.com.br\/site\/wp-json\/wp\/v2\/tags?post=53241"}],"curies":[{"name":"wp","href":"https:\/\/api.w.org\/{rel}","templated":true}]}}