{"id":54498,"date":"2016-09-13T13:10:54","date_gmt":"2016-09-13T16:10:54","guid":{"rendered":"http:\/\/diariodamanhapelotas.com.br\/site\/?p=54498"},"modified":"2016-09-13T13:10:54","modified_gmt":"2016-09-13T16:10:54","slug":"mpt-abre-inscricoes-para-estagio-de-direito-e-administracao","status":"publish","type":"post","link":"https:\/\/diariodamanhapelotas.com.br\/site\/mpt-abre-inscricoes-para-estagio-de-direito-e-administracao\/","title":{"rendered":"MPT abre inscri\u00e7\u00f5es para est\u00e1gio de Direito e Administra\u00e7\u00e3o"},"content":{"rendered":"<h2 style=\"text-align: center;\">Vagas s\u00e3o em Caxias do Sul, Novo Hamburgo, Passo Fundo, Pelotas, Santa Cruz do Sul, Santo \u00c2ngelo e Uruguaiana<\/h2>\n<p>O Minist\u00e9rio P\u00fablico do Trabalho no Rio Grande do Sul (MPT-RS) abriu inscri\u00e7\u00f5es de sele\u00e7\u00e3o p\u00fablica para preenchimento de vagas e forma\u00e7\u00e3o de cadastro de reserva (CR) para estagi\u00e1rios acad\u00eamicos dos cursos de Direito e Administra\u00e7\u00e3o. As unidades administrativas em <b>Caxias do Sul<\/b>, <b>Novo Hamburgo<\/b>, <b>Pelotas<\/b> e <b>Uruguaiana<\/b> t\u00eam uma vaga de Direito,\u00a0mais CR, enquanto <b>Passo Fundo<\/b>, <b>Santa Cruz do Sul<\/b> e <b>Santo \u00c2ngelo<\/b> t\u00eam CR. J\u00e1 <b>Caxias do Sul <\/b>e <b>Pelotas<\/b> t\u00eam vagas de CR em Administra\u00e7\u00e3o.<\/p>\n<p>A habilita\u00e7\u00e3o far-se-\u00e1 mediante an\u00e1lise de desempenho dos candidatos em provas escritas. O est\u00e1gio ter\u00e1 dura\u00e7\u00e3o m\u00e1xima de dois anos. O estagi\u00e1rio cumprir\u00e1 jornada de quatro horas di\u00e1rias (20 horas semanais). A bolsa \u00e9 de R$ 850, com direito a aux\u00edlio transporte de R$ 7,00 por dia. As inscri\u00e7\u00f5es s\u00e3o gratuitas e devem ser realizadas, exclusivamente por meio eletr\u00f4nico, em formul\u00e1rio pr\u00f3prio, dispon\u00edvel em <a href=\"http:\/\/prt4.mpt.mp.br\/informe-se\/estagiarios\" target=\"_blank\">http:\/\/prt4.mpt.mp.br\/informe-se\/estagiarios<\/a>, at\u00e9 \u00e0s 17h (hor\u00e1rio de Bras\u00edlia) do dia 23 de setembro de 2016. Poder\u00e3o participar\u00a0estudantes matriculados que j\u00e1 tenham cursado, com aprova\u00e7\u00e3o, no m\u00ednimo 40% do total dos cr\u00e9ditos obrigat\u00f3rio.<\/p>\n","protected":false},"excerpt":{"rendered":"<p>Vagas s\u00e3o em Caxias do Sul, Novo Hamburgo, Passo Fundo, Pelotas, Santa Cruz do Sul, Santo \u00c2ngelo e Uruguaiana O Minist\u00e9rio P\u00fablico do Trabalho no Rio Grande do Sul (MPT-RS)<\/p>\n","protected":false},"author":4,"featured_media":44465,"comment_status":"closed","ping_status":"closed","sticky":false,"template":"","format":"standard","meta":[],"categories":[305,27],"tags":[],"_links":{"self":[{"href":"https:\/\/diariodamanhapelotas.com.br\/site\/wp-json\/wp\/v2\/posts\/54498"}],"collection":[{"href":"https:\/\/diariodamanhapelotas.com.br\/site\/wp-json\/wp\/v2\/posts"}],"about":[{"href":"https:\/\/diariodamanhapelotas.com.br\/site\/wp-json\/wp\/v2\/types\/post"}],"author":[{"embeddable":true,"href":"https:\/\/diariodamanhapelotas.com.br\/site\/wp-json\/wp\/v2\/users\/4"}],"replies":[{"embeddable":true,"href":"https:\/\/diariodamanhapelotas.com.br\/site\/wp-json\/wp\/v2\/comments?post=54498"}],"version-history":[{"count":1,"href":"https:\/\/diariodamanhapelotas.com.br\/site\/wp-json\/wp\/v2\/posts\/54498\/revisions"}],"predecessor-version":[{"id":54499,"href":"https:\/\/diariodamanhapelotas.com.br\/site\/wp-json\/wp\/v2\/posts\/54498\/revisions\/54499"}],"wp:featuredmedia":[{"embeddable":true,"href":"https:\/\/diariodamanhapelotas.com.br\/site\/wp-json\/wp\/v2\/media\/44465"}],"wp:attachment":[{"href":"https:\/\/diariodamanhapelotas.com.br\/site\/wp-json\/wp\/v2\/media?parent=54498"}],"wp:term":[{"taxonomy":"category","embeddable":true,"href":"https:\/\/diariodamanhapelotas.com.br\/site\/wp-json\/wp\/v2\/categories?post=54498"},{"taxonomy":"post_tag","embeddable":true,"href":"https:\/\/diariodamanhapelotas.com.br\/site\/wp-json\/wp\/v2\/tags?post=54498"}],"curies":[{"name":"wp","href":"https:\/\/api.w.org\/{rel}","templated":true}]}}