{"id":57385,"date":"2016-12-15T09:26:30","date_gmt":"2016-12-15T11:26:30","guid":{"rendered":"http:\/\/diariodamanhapelotas.com.br\/site\/?p=57385"},"modified":"2016-12-15T09:26:30","modified_gmt":"2016-12-15T11:26:30","slug":"policia-civil-recebe-doacao-de-um-veiculo-blindado","status":"publish","type":"post","link":"https:\/\/diariodamanhapelotas.com.br\/site\/policia-civil-recebe-doacao-de-um-veiculo-blindado\/","title":{"rendered":"Pol\u00edcia Civil recebe doa\u00e7\u00e3o de um ve\u00edculo blindado"},"content":{"rendered":"<p>Na manh\u00e3 de ontem, na sede do Departamento Estadual de Investiga\u00e7\u00f5es Criminais (Deic), na Capital, ocorreu cerim\u00f4nia de entrega do ve\u00edculo blindado operacional para a 1\u00aa Delegacia de Pol\u00edcia de Repress\u00e3o a Roubos (1\u00aa DR), doado pela empresa de Transporte de Valores, Prosegur.<\/p>\n<p>Segundo os delegados Joel Henrique Wagner e Jo\u00e3o Paulo de Abreu, o ve\u00edculo doado servir\u00e1 para apoio aos policiais em opera\u00e7\u00f5es, para a interven\u00e7\u00e3o em ambientes conflagrados, para escoltas de presos de alto risco, para tomadas de ambiente e resgate de ref\u00e9ns (estouro de cativeiro), remo\u00e7\u00e3o de feridos em cen\u00e1rios de confronto, dentro outras atribui\u00e7\u00f5es de maior complexidade do Departamento Estadual de Investiga\u00e7\u00f5es Criminais. \u00a0\u00a0\u00a0De acordo com o delegado\u00a0Sander Cajal, o ve\u00edculo ser\u00e1 utilizado pelo Grupo T\u00e1tico Especial (GTE), proporcionando mais seguran\u00e7a aos policiais.<\/p>\n","protected":false},"excerpt":{"rendered":"<p>Na manh\u00e3 de ontem, na sede do Departamento Estadual de Investiga\u00e7\u00f5es Criminais (Deic), na Capital, ocorreu cerim\u00f4nia de entrega do ve\u00edculo blindado operacional para a 1\u00aa Delegacia de Pol\u00edcia de<\/p>\n","protected":false},"author":4,"featured_media":57386,"comment_status":"closed","ping_status":"closed","sticky":false,"template":"","format":"standard","meta":[],"categories":[33],"tags":[],"_links":{"self":[{"href":"https:\/\/diariodamanhapelotas.com.br\/site\/wp-json\/wp\/v2\/posts\/57385"}],"collection":[{"href":"https:\/\/diariodamanhapelotas.com.br\/site\/wp-json\/wp\/v2\/posts"}],"about":[{"href":"https:\/\/diariodamanhapelotas.com.br\/site\/wp-json\/wp\/v2\/types\/post"}],"author":[{"embeddable":true,"href":"https:\/\/diariodamanhapelotas.com.br\/site\/wp-json\/wp\/v2\/users\/4"}],"replies":[{"embeddable":true,"href":"https:\/\/diariodamanhapelotas.com.br\/site\/wp-json\/wp\/v2\/comments?post=57385"}],"version-history":[{"count":1,"href":"https:\/\/diariodamanhapelotas.com.br\/site\/wp-json\/wp\/v2\/posts\/57385\/revisions"}],"predecessor-version":[{"id":57387,"href":"https:\/\/diariodamanhapelotas.com.br\/site\/wp-json\/wp\/v2\/posts\/57385\/revisions\/57387"}],"wp:featuredmedia":[{"embeddable":true,"href":"https:\/\/diariodamanhapelotas.com.br\/site\/wp-json\/wp\/v2\/media\/57386"}],"wp:attachment":[{"href":"https:\/\/diariodamanhapelotas.com.br\/site\/wp-json\/wp\/v2\/media?parent=57385"}],"wp:term":[{"taxonomy":"category","embeddable":true,"href":"https:\/\/diariodamanhapelotas.com.br\/site\/wp-json\/wp\/v2\/categories?post=57385"},{"taxonomy":"post_tag","embeddable":true,"href":"https:\/\/diariodamanhapelotas.com.br\/site\/wp-json\/wp\/v2\/tags?post=57385"}],"curies":[{"name":"wp","href":"https:\/\/api.w.org\/{rel}","templated":true}]}}