{"id":57388,"date":"2016-12-15T09:28:27","date_gmt":"2016-12-15T11:28:27","guid":{"rendered":"http:\/\/diariodamanhapelotas.com.br\/site\/?p=57388"},"modified":"2016-12-15T09:28:27","modified_gmt":"2016-12-15T11:28:27","slug":"175-anos-policia-civil-entrega-medalhas-de-reconhecimento","status":"publish","type":"post","link":"https:\/\/diariodamanhapelotas.com.br\/site\/175-anos-policia-civil-entrega-medalhas-de-reconhecimento\/","title":{"rendered":"175 ANOS : Pol\u00edcia Civil entrega medalhas de reconhecimento"},"content":{"rendered":"<p>A Pol\u00edcia Civil realizou, na tarde de ontem, a cerim\u00f4nia de entrega das\u00a0Medalhas\u00a0Pl\u00ednio Brasil Milano 20 e 30 Anos de Servi\u00e7o Policial, M\u00e9rito Policial P\u00f3stumo, M\u00e9rito Policial Por Bravura e Homenagem de Tempo de Servi\u00e7o aos Servidores Recentemente Aposentados. O evento, que \u00e9 alusivo ao anivers\u00e1rio de 175 anos da Pol\u00edcia Civil Ga\u00facha, ocorreu no Audit\u00f3rio C\u00edcero do Amaral Viana, no Pal\u00e1cio da Pol\u00edcia.<\/p>\n<p>Na oportunidade, o Chefe de Pol\u00edcia, delegado Emerson Wendt, outorgou as medalhas Pl\u00ednio Brasil Milano aos servidores com 20 e 30 anos de servi\u00e7o policial, al\u00e9m da Medalha do M\u00e9rito Policial em homenagem aos policiais falecidos em servi\u00e7o desde o ano de 2012, e Medalha do M\u00e9rito Policial Por Bravura aos policiais da 24\u00aa Delegacia de Pol\u00edcia Regional\/Soledade (24\u00aaDPRI) e do Departamento Estadual de Investiga\u00e7\u00f5es Criminais (DEIC), que atuaram na Opera\u00e7\u00e3o Morma\u00e7o em 2016.<\/p>\n<div id=\"attachment_57389\" style=\"width: 394px\" class=\"wp-caption alignright\"><a href=\"http:\/\/diariodamanhapelotas.com.br\/site\/wp-content\/uploads\/2016\/12\/medalhas.jpg\" rel=\"lightbox\" title=\"175 ANOS : Pol\u00edcia Civil entrega medalhas de reconhecimento \"><img aria-describedby=\"caption-attachment-57389\" loading=\"lazy\" class=\" wp-image-57389  \" alt=\"HOMENAGEM \u00e9 alusiva aos  175 da Pol\u00edcia Civil\" src=\"http:\/\/diariodamanhapelotas.com.br\/site\/wp-content\/uploads\/2016\/12\/medalhas.jpg\" width=\"384\" height=\"256\" srcset=\"https:\/\/diariodamanhapelotas.com.br\/site\/wp-content\/uploads\/2016\/12\/medalhas.jpg 800w, https:\/\/diariodamanhapelotas.com.br\/site\/wp-content\/uploads\/2016\/12\/medalhas-150x99.jpg 150w, https:\/\/diariodamanhapelotas.com.br\/site\/wp-content\/uploads\/2016\/12\/medalhas-300x199.jpg 300w\" sizes=\"(max-width: 384px) 100vw, 384px\" \/><\/a><p id=\"caption-attachment-57389\" class=\"wp-caption-text\">HOMENAGEM \u00e9 alusiva aos 175 da Pol\u00edcia Civil<\/p><\/div>\n<p>A concess\u00e3o destas medalhas est\u00e1 prevista no Decreto 30.820 de 06 de setembro de 1982. O Chefe de Pol\u00edcia tamb\u00e9m entregou aos policiais que se aposentaram a partir de novembro de 2015 o Diploma de Tempo de Servi\u00e7o, como forma de homenagem aos relevantes servi\u00e7os prestados \u00e0 institui\u00e7\u00e3o Pol\u00edcia Civil. Esta homenagem est\u00e1 prevista na Portaria n\u00ba265 de 2014 da Chefia de Pol\u00edcia.<\/p>\n<p>A concess\u00e3o da Medalha Pl\u00ednio Brasil Milano \u00e9 destinada a premiar os policiais que, por decis\u00e3o fundamentada do Conselho Superior de Pol\u00edcia, tiveram implementadas as seguintes condi\u00e7\u00f5es: possuir efetivo exerc\u00edcio de suas fun\u00e7\u00f5es durante o per\u00edodo de 20 e 30 anos e n\u00e3o tiver cometido qualquer ato ou pr\u00e1tica que possa ser considerada como incompat\u00edvel com a fun\u00e7\u00e3o. A\u00a0Medalha\u00a0Pl\u00ednio\u00a0Brasil Milano, que homenageia os servidores da Pol\u00edcia Civil, tem como modelo de policial o Patrono da Pol\u00edcia Civil Ga\u00facha, Delegado de Pol\u00edcia\u00a0Pl\u00ednio\u00a0Brasil Milano.<\/p>\n<p>As concess\u00f5es do M\u00e9rito Policial P\u00f3stumo e Por Bravura foram igualmente reconhecidas por decis\u00e3o do Conselho Superior de Pol\u00edcia, propostas pelo Departamento de Administra\u00e7\u00e3o Policial e homologadas pelo Conselho Superior de Pol\u00edcia. A Medalha do M\u00e9rito Policial \u00e9 destinada a policiais que tenham se destacado por ato de bravura ou em caso de morte ou ferimento em objeto de servi\u00e7o. Para tanto, considera-se ato de bravura a conduta do servidor que, no desempenho de suas atribui\u00e7\u00f5es e para a preserva\u00e7\u00e3o da vida de outrem, coloque em risco incomum a sua pr\u00f3pria vida, demonstrando coragem, aud\u00e1cia e a presen\u00e7a de qualidades morais extraordin\u00e1rias.<\/p>\n<p>J\u00e1 os servidores policiais aposentados foram homenageados recebendo Certificados de Tempo de Servi\u00e7o, como reconhecimento e agradecimento pelos servi\u00e7os prestados \u00e0 Pol\u00edcia Civil e \u00e0 sociedade ga\u00facha. Participaram da solenidade o Subchefe de Pol\u00edcia, delegado Leonel Fagundes Carivali, diretores de departamentos, representantes de associa\u00e7\u00f5es e entidades de classe, al\u00e9m de demais autoridades, delegados, agentes e familiares dos homenageados.<\/p>\n","protected":false},"excerpt":{"rendered":"<p>A Pol\u00edcia Civil realizou, na tarde de ontem, a cerim\u00f4nia de entrega das\u00a0Medalhas\u00a0Pl\u00ednio Brasil Milano 20 e 30 Anos de Servi\u00e7o Policial, M\u00e9rito Policial P\u00f3stumo, M\u00e9rito Policial Por Bravura e<\/p>\n","protected":false},"author":4,"featured_media":57389,"comment_status":"closed","ping_status":"closed","sticky":false,"template":"","format":"standard","meta":[],"categories":[305,33],"tags":[],"_links":{"self":[{"href":"https:\/\/diariodamanhapelotas.com.br\/site\/wp-json\/wp\/v2\/posts\/57388"}],"collection":[{"href":"https:\/\/diariodamanhapelotas.com.br\/site\/wp-json\/wp\/v2\/posts"}],"about":[{"href":"https:\/\/diariodamanhapelotas.com.br\/site\/wp-json\/wp\/v2\/types\/post"}],"author":[{"embeddable":true,"href":"https:\/\/diariodamanhapelotas.com.br\/site\/wp-json\/wp\/v2\/users\/4"}],"replies":[{"embeddable":true,"href":"https:\/\/diariodamanhapelotas.com.br\/site\/wp-json\/wp\/v2\/comments?post=57388"}],"version-history":[{"count":1,"href":"https:\/\/diariodamanhapelotas.com.br\/site\/wp-json\/wp\/v2\/posts\/57388\/revisions"}],"predecessor-version":[{"id":57390,"href":"https:\/\/diariodamanhapelotas.com.br\/site\/wp-json\/wp\/v2\/posts\/57388\/revisions\/57390"}],"wp:featuredmedia":[{"embeddable":true,"href":"https:\/\/diariodamanhapelotas.com.br\/site\/wp-json\/wp\/v2\/media\/57389"}],"wp:attachment":[{"href":"https:\/\/diariodamanhapelotas.com.br\/site\/wp-json\/wp\/v2\/media?parent=57388"}],"wp:term":[{"taxonomy":"category","embeddable":true,"href":"https:\/\/diariodamanhapelotas.com.br\/site\/wp-json\/wp\/v2\/categories?post=57388"},{"taxonomy":"post_tag","embeddable":true,"href":"https:\/\/diariodamanhapelotas.com.br\/site\/wp-json\/wp\/v2\/tags?post=57388"}],"curies":[{"name":"wp","href":"https:\/\/api.w.org\/{rel}","templated":true}]}}