{"id":57391,"date":"2016-12-15T09:32:10","date_gmt":"2016-12-15T11:32:10","guid":{"rendered":"http:\/\/diariodamanhapelotas.com.br\/site\/?p=57391"},"modified":"2016-12-15T09:32:10","modified_gmt":"2016-12-15T11:32:10","slug":"reforco-xavante-eder-sciola-o-primeiro-contratado","status":"publish","type":"post","link":"https:\/\/diariodamanhapelotas.com.br\/site\/reforco-xavante-eder-sciola-o-primeiro-contratado\/","title":{"rendered":"REFOR\u00c7O XAVANTE : Eder Sciola, o primeiro contratado"},"content":{"rendered":"<p>O primeiro jogador contratado pelo Brasil para a temporada de 2017 \u00e9 o lateral-direito \u00c9der Sciola, 31 anos, que jogou o Campeonato Brasileiro da S\u00e9rie B de 2016 pelo Sampaio Correa. Essa contrata\u00e7\u00e3o \u00e9 um indicativo de que a diretoria rubro-negra est\u00e1 mesmo desistindo de Weldinho, que \u00e9 um dos dois jogadores do grupo da \u00faltima temporada sem definir ainda seu futuro. O outro \u00e9 Nem, que deve acertar a perman\u00eancia no clube.<\/p>\n<div id=\"attachment_57392\" style=\"width: 310px\" class=\"wp-caption alignleft\"><a href=\"http:\/\/diariodamanhapelotas.com.br\/site\/wp-content\/uploads\/2016\/12\/foto-1-pagina-172.jpg\" rel=\"lightbox\" title=\"REFOR\u00c7O XAVANTE : Eder Sciola, o primeiro contratado\"><img aria-describedby=\"caption-attachment-57392\" loading=\"lazy\" class=\"size-medium wp-image-57392\" alt=\"\u00c9der Sciola \u00e9 lateral-direito, mas pode ser aproveitado no meio-campo: est\u00e1 certo com o Brasil\" src=\"http:\/\/diariodamanhapelotas.com.br\/site\/wp-content\/uploads\/2016\/12\/foto-1-pagina-172-300x168.jpg\" width=\"300\" height=\"168\" srcset=\"https:\/\/diariodamanhapelotas.com.br\/site\/wp-content\/uploads\/2016\/12\/foto-1-pagina-172-300x168.jpg 300w, https:\/\/diariodamanhapelotas.com.br\/site\/wp-content\/uploads\/2016\/12\/foto-1-pagina-172-150x84.jpg 150w, https:\/\/diariodamanhapelotas.com.br\/site\/wp-content\/uploads\/2016\/12\/foto-1-pagina-172.jpg 728w\" sizes=\"(max-width: 300px) 100vw, 300px\" \/><\/a><p id=\"caption-attachment-57392\" class=\"wp-caption-text\">\u00c9der Sciola \u00e9 lateral-direito, mas pode ser aproveitado no meio-campo: est\u00e1 certo com o Brasil<\/p><\/div>\n<p>\u00c9der Sciola Santana, 31 anos, \u00e9 paulista de Santana da Para\u00edba, e tem uma carreira de muita troca de clubes. O Brasil ser\u00e1 sua 17\u00aa equipe. \u201cEstou muito feliz em poder jogar num clube que est\u00e1 bem organizado, fazendo boas campanhas\u201d, comentou o lateral, que pode tamb\u00e9m se aproveitado no lado direito do meio-campo, caso sejam formadas as duas linhas de quatro. A versatilidade \u00e9 uma virtude valorizada pelo t\u00e9cnico Rog\u00e9rio Zimmermann na composi\u00e7\u00e3o do elenco de jogadores.<\/p>\n<p>Na temporada de 2016, Eder Sciola jogou pelo Novorizontino e, depois, disputou 32 das 38 partidas do Sampaio Correa na S\u00e9rie B. Apesar do rebaixamento do time maranhense, o lateral chamou a aten\u00e7\u00e3o do Brasil \u2013 como tamb\u00e9m outros dois jogadores do Sampaio (o volante Diego Marmentini e o meia Lucas Sotero), que s\u00e3o citados como poss\u00edveis contratados do Xavante para a temporada de 2017.<\/p>\n<p><b>TEM CATORZE \u2013 <\/b>O Brasil conta agora com 14 jogadores para come\u00e7ar a temporada: Eduardo Martini, Luiz M\u00fcller, Anderson, Carlos Eduardo, Wender, \u00c9der Sciola, Cirilo, Teco, Evaldo, Leandro Camilo, Marlon, Leandro Leite, Galiardo e Gustavo Papa. A ideia \u00e9 contar com elenco de 27 a 29 jogadores. Desse 14 acertados com o clube, quatro deles s\u00e3o goleiros.<\/p>\n","protected":false},"excerpt":{"rendered":"<p>O primeiro jogador contratado pelo Brasil para a temporada de 2017 \u00e9 o lateral-direito \u00c9der Sciola, 31 anos, que jogou o Campeonato Brasileiro da S\u00e9rie B de 2016 pelo Sampaio<\/p>\n","protected":false},"author":4,"featured_media":57392,"comment_status":"closed","ping_status":"closed","sticky":false,"template":"","format":"standard","meta":[],"categories":[305,29],"tags":[],"_links":{"self":[{"href":"https:\/\/diariodamanhapelotas.com.br\/site\/wp-json\/wp\/v2\/posts\/57391"}],"collection":[{"href":"https:\/\/diariodamanhapelotas.com.br\/site\/wp-json\/wp\/v2\/posts"}],"about":[{"href":"https:\/\/diariodamanhapelotas.com.br\/site\/wp-json\/wp\/v2\/types\/post"}],"author":[{"embeddable":true,"href":"https:\/\/diariodamanhapelotas.com.br\/site\/wp-json\/wp\/v2\/users\/4"}],"replies":[{"embeddable":true,"href":"https:\/\/diariodamanhapelotas.com.br\/site\/wp-json\/wp\/v2\/comments?post=57391"}],"version-history":[{"count":1,"href":"https:\/\/diariodamanhapelotas.com.br\/site\/wp-json\/wp\/v2\/posts\/57391\/revisions"}],"predecessor-version":[{"id":57393,"href":"https:\/\/diariodamanhapelotas.com.br\/site\/wp-json\/wp\/v2\/posts\/57391\/revisions\/57393"}],"wp:featuredmedia":[{"embeddable":true,"href":"https:\/\/diariodamanhapelotas.com.br\/site\/wp-json\/wp\/v2\/media\/57392"}],"wp:attachment":[{"href":"https:\/\/diariodamanhapelotas.com.br\/site\/wp-json\/wp\/v2\/media?parent=57391"}],"wp:term":[{"taxonomy":"category","embeddable":true,"href":"https:\/\/diariodamanhapelotas.com.br\/site\/wp-json\/wp\/v2\/categories?post=57391"},{"taxonomy":"post_tag","embeddable":true,"href":"https:\/\/diariodamanhapelotas.com.br\/site\/wp-json\/wp\/v2\/tags?post=57391"}],"curies":[{"name":"wp","href":"https:\/\/api.w.org\/{rel}","templated":true}]}}