{"id":57948,"date":"2017-01-02T14:43:04","date_gmt":"2017-01-02T16:43:04","guid":{"rendered":"http:\/\/diariodamanhapelotas.com.br\/site\/?p=57948"},"modified":"2017-01-02T14:43:04","modified_gmt":"2017-01-02T16:43:04","slug":"consumidor-inicia-2017-com-bandeira-verde-na-conta-de-luz","status":"publish","type":"post","link":"https:\/\/diariodamanhapelotas.com.br\/site\/consumidor-inicia-2017-com-bandeira-verde-na-conta-de-luz\/","title":{"rendered":"Consumidor inicia 2017 com bandeira verde na conta de luz"},"content":{"rendered":"<p>O ano de 2017 come\u00e7a com bandeira verde na conta de luz do m\u00eas de janeiro. De acordo com o relat\u00f3rio mensal do Operador Nacional do Sistema (ONS), a condi\u00e7\u00e3o hidrol\u00f3gica favor\u00e1vel determinou o acionamento de usinas t\u00e9rmicas com \u201cCusto Vari\u00e1vel Unit\u00e1rio abaixo de R$ 211,28 por megawatt-hora (R$\/MWh)\u201d.<\/p>\n<p>\u201cO valor da t\u00e9rmica acionada ficou em 128,65 R$\/MWh e possibilitou a manuten\u00e7\u00e3o da bandeira verde, sem custo para todos os consumidores de energia el\u00e9trica\u201d, diz nota da Ag\u00eancia Nacional de Energia El\u00e9trica (Aneel).<\/p>\n<p>O sistema de bandeiras tarif\u00e1rias, criado pela Aneel, indica o custo real da energia produzida. Isto possibilita o uso racional do consumo de eletricidade.<\/p>\n<p>As bandeiras tarif\u00e1rias, de acordo com a ag\u00eancia, funcionam da seguinte maneira: as cores verde, amarela ou vermelha indicam se a energia custar\u00e1 mais ou menos devido \u00e0s condi\u00e7\u00f5es de gera\u00e7\u00e3o de energia el\u00e9trica.<\/p>\n","protected":false},"excerpt":{"rendered":"<p>O ano de 2017 come\u00e7a com bandeira verde na conta de luz do m\u00eas de janeiro. De acordo com o relat\u00f3rio mensal do Operador Nacional do Sistema (ONS), a condi\u00e7\u00e3o<\/p>\n","protected":false},"author":4,"featured_media":35284,"comment_status":"closed","ping_status":"closed","sticky":false,"template":"","format":"standard","meta":[],"categories":[305,27],"tags":[],"_links":{"self":[{"href":"https:\/\/diariodamanhapelotas.com.br\/site\/wp-json\/wp\/v2\/posts\/57948"}],"collection":[{"href":"https:\/\/diariodamanhapelotas.com.br\/site\/wp-json\/wp\/v2\/posts"}],"about":[{"href":"https:\/\/diariodamanhapelotas.com.br\/site\/wp-json\/wp\/v2\/types\/post"}],"author":[{"embeddable":true,"href":"https:\/\/diariodamanhapelotas.com.br\/site\/wp-json\/wp\/v2\/users\/4"}],"replies":[{"embeddable":true,"href":"https:\/\/diariodamanhapelotas.com.br\/site\/wp-json\/wp\/v2\/comments?post=57948"}],"version-history":[{"count":1,"href":"https:\/\/diariodamanhapelotas.com.br\/site\/wp-json\/wp\/v2\/posts\/57948\/revisions"}],"predecessor-version":[{"id":57949,"href":"https:\/\/diariodamanhapelotas.com.br\/site\/wp-json\/wp\/v2\/posts\/57948\/revisions\/57949"}],"wp:featuredmedia":[{"embeddable":true,"href":"https:\/\/diariodamanhapelotas.com.br\/site\/wp-json\/wp\/v2\/media\/35284"}],"wp:attachment":[{"href":"https:\/\/diariodamanhapelotas.com.br\/site\/wp-json\/wp\/v2\/media?parent=57948"}],"wp:term":[{"taxonomy":"category","embeddable":true,"href":"https:\/\/diariodamanhapelotas.com.br\/site\/wp-json\/wp\/v2\/categories?post=57948"},{"taxonomy":"post_tag","embeddable":true,"href":"https:\/\/diariodamanhapelotas.com.br\/site\/wp-json\/wp\/v2\/tags?post=57948"}],"curies":[{"name":"wp","href":"https:\/\/api.w.org\/{rel}","templated":true}]}}