{"id":74569,"date":"2018-04-18T08:33:32","date_gmt":"2018-04-18T11:33:32","guid":{"rendered":"http:\/\/diariodamanhapelotas.com.br\/site\/?p=74569"},"modified":"2018-04-20T08:25:24","modified_gmt":"2018-04-20T11:25:24","slug":"br-116-ucpel-aponta-ganho-diario-de-r-2-milhoes-com-duplicacao","status":"publish","type":"post","link":"https:\/\/diariodamanhapelotas.com.br\/site\/br-116-ucpel-aponta-ganho-diario-de-r-2-milhoes-com-duplicacao\/","title":{"rendered":"BR-116  : UCPel aponta ganho di\u00e1rio de R$ 2 milh\u00f5es com duplica\u00e7\u00e3o"},"content":{"rendered":"<p>O t\u00e9rmino da duplica\u00e7\u00e3o da BR-116 Sul dever\u00e1 gerar um incremento de R$ 2 milh\u00f5es para a economia do estado, aponta estudo do Escrit\u00f3rio de Desenvolvimento Regional da Universidade Cat\u00f3lica de Pelotas (EDR\/UCPel). O levantamento completo sobre a import\u00e2ncia da obra ser\u00e1 apresentado nesta sexta-feira, durante o painel Duplica\u00e7\u00e3o Urgente. A cidade de Camaqu\u00e3 sediar\u00e1 o evento proposto pelo Movimento juntos pela duplica\u00e7\u00e3o da BR-116 Sul.<\/p>\n<p>Com a duplica\u00e7\u00e3o, estima-se crescimento tanto da produ\u00e7\u00e3o quanto de servi\u00e7os, comenta o coordenador do EDR\/UCPel, Ezequiel Megiato. A finaliza\u00e7\u00e3o da obra ir\u00e1 auxiliar na circula\u00e7\u00e3o de mercadorias, contribuindo para a arrecada\u00e7\u00e3o de munic\u00edpios e estado. Haver\u00e1 ainda diminui\u00e7\u00e3o do custo log\u00edstico em cerca de R$ 70,00 devido otimiza\u00e7\u00e3o de velocidade e redu\u00e7\u00e3o do gasto com combust\u00edvel, complementa Megiato.<\/p>\n<div id=\"attachment_43372\" style=\"width: 310px\" class=\"wp-caption alignright\"><img aria-describedby=\"caption-attachment-43372\" loading=\"lazy\" class=\"size-medium wp-image-43372\" alt=\"SITUA\u00c7\u00c3O da rodovia ser\u00e1 debatida em painel sexta-feira em Camaqu\u00e3\" src=\"http:\/\/diariodamanhapelotas.com.br\/site\/wp-content\/uploads\/2015\/09\/Duplica\u00e7\u00e3o-Cristal-300x177.jpg\" width=\"300\" height=\"177\" srcset=\"https:\/\/diariodamanhapelotas.com.br\/site\/wp-content\/uploads\/2015\/09\/Duplica\u00e7\u00e3o-Cristal-300x177.jpg 300w, https:\/\/diariodamanhapelotas.com.br\/site\/wp-content\/uploads\/2015\/09\/Duplica\u00e7\u00e3o-Cristal.jpg 800w\" sizes=\"(max-width: 300px) 100vw, 300px\" \/><p id=\"caption-attachment-43372\" class=\"wp-caption-text\">SITUA\u00c7\u00c3O da rodovia ser\u00e1 debatida em painel sexta-feira em Camaqu\u00e3<\/p><\/div>\n<p>O painel, al\u00e9m da apresenta\u00e7\u00e3o de dados econ\u00f4micos, trar\u00e1 depoimentos de familiares de v\u00edtimas que perderam a vida na rodovia. Ter\u00e1 tamb\u00e9m espa\u00e7o para apresenta\u00e7\u00e3o de \u00edndices de acidentes ocorridos por conta da n\u00e3o duplica\u00e7\u00e3o e do cronograma f\u00edsico e financeiro da obra.<\/p>\n<p>O tr\u00e2nsito di\u00e1rio recebido pelo trecho sul da rodovia gira em torno de 30 mil ve\u00edculos. \u201c\u00c9 um dos eixos de escoamento mais importantes da produ\u00e7\u00e3o do Rio Grande do Sul e rota de pa\u00edses que integram o Mercosul\u201d, destaca Megiato.<\/p>\n<p>O painel Duplica\u00e7\u00e3o Urgente ocorrer\u00e1 no Teatro do Sesc de Camaqu\u00e3, localizado na Rua Marc\u00edlio Dias Longarai, 01, \u00e0s 15h.\u00a0Sair\u00e3o \u00f4nibus gratuitos do Parque do SESI Pelotas a partir das 13h. Interessados podem se inscrever atrav\u00e9s dos telefones (53) 3227-1646 (Sindilojas Pelotas) e (53) 3222-4499 (Secovi Zona Sul RS).<\/p>\n","protected":false},"excerpt":{"rendered":"<p>O t\u00e9rmino da duplica\u00e7\u00e3o da BR-116 Sul dever\u00e1 gerar um incremento de R$ 2 milh\u00f5es para a economia do estado, aponta estudo do Escrit\u00f3rio de Desenvolvimento Regional da Universidade Cat\u00f3lica<\/p>\n","protected":false},"author":4,"featured_media":52911,"comment_status":"closed","ping_status":"closed","sticky":false,"template":"","format":"standard","meta":[],"categories":[27],"tags":[],"_links":{"self":[{"href":"https:\/\/diariodamanhapelotas.com.br\/site\/wp-json\/wp\/v2\/posts\/74569"}],"collection":[{"href":"https:\/\/diariodamanhapelotas.com.br\/site\/wp-json\/wp\/v2\/posts"}],"about":[{"href":"https:\/\/diariodamanhapelotas.com.br\/site\/wp-json\/wp\/v2\/types\/post"}],"author":[{"embeddable":true,"href":"https:\/\/diariodamanhapelotas.com.br\/site\/wp-json\/wp\/v2\/users\/4"}],"replies":[{"embeddable":true,"href":"https:\/\/diariodamanhapelotas.com.br\/site\/wp-json\/wp\/v2\/comments?post=74569"}],"version-history":[{"count":1,"href":"https:\/\/diariodamanhapelotas.com.br\/site\/wp-json\/wp\/v2\/posts\/74569\/revisions"}],"predecessor-version":[{"id":74570,"href":"https:\/\/diariodamanhapelotas.com.br\/site\/wp-json\/wp\/v2\/posts\/74569\/revisions\/74570"}],"wp:featuredmedia":[{"embeddable":true,"href":"https:\/\/diariodamanhapelotas.com.br\/site\/wp-json\/wp\/v2\/media\/52911"}],"wp:attachment":[{"href":"https:\/\/diariodamanhapelotas.com.br\/site\/wp-json\/wp\/v2\/media?parent=74569"}],"wp:term":[{"taxonomy":"category","embeddable":true,"href":"https:\/\/diariodamanhapelotas.com.br\/site\/wp-json\/wp\/v2\/categories?post=74569"},{"taxonomy":"post_tag","embeddable":true,"href":"https:\/\/diariodamanhapelotas.com.br\/site\/wp-json\/wp\/v2\/tags?post=74569"}],"curies":[{"name":"wp","href":"https:\/\/api.w.org\/{rel}","templated":true}]}}