{"id":89503,"date":"2019-07-12T08:54:40","date_gmt":"2019-07-12T11:54:40","guid":{"rendered":"http:\/\/diariodamanhapelotas.com.br\/site\/?p=89503"},"modified":"2019-07-12T08:54:40","modified_gmt":"2019-07-12T11:54:40","slug":"rumo-aos-140-anos-clube-caixeral-inicia-comemoracoes","status":"publish","type":"post","link":"https:\/\/diariodamanhapelotas.com.br\/site\/rumo-aos-140-anos-clube-caixeral-inicia-comemoracoes\/","title":{"rendered":"RUMO AOS 140 ANOS : Clube Caixeral inicia comemora\u00e7\u00f5es"},"content":{"rendered":"<p><img loading=\"lazy\" class=\"alignright size-medium wp-image-89511\" alt=\"Clube Caixeral 02\" src=\"http:\/\/diariodamanhapelotas.com.br\/site\/wp-content\/uploads\/2019\/07\/clube-caixeral-02-300x199.jpg\" width=\"300\" height=\"199\" srcset=\"https:\/\/diariodamanhapelotas.com.br\/site\/wp-content\/uploads\/2019\/07\/clube-caixeral-02-300x199.jpg 300w, https:\/\/diariodamanhapelotas.com.br\/site\/wp-content\/uploads\/2019\/07\/clube-caixeral-02-150x99.jpg 150w, https:\/\/diariodamanhapelotas.com.br\/site\/wp-content\/uploads\/2019\/07\/clube-caixeral-02.jpg 800w\" sizes=\"(max-width: 300px) 100vw, 300px\" \/>As portas do Clube Caixeiral de Pelotas estar\u00e3o abertas para convidados e autoridades nesta sexta-feira(12) a partir das 19h em momento festivo de abertura \u00e0s comemora\u00e7\u00f5es pelos 140 anos da entidade social, os quais se completar\u00e3o no m\u00eas dezembro deste ano. At\u00e9 l\u00e1, ser\u00e3o realizados um evento a cada m\u00eas, precedendo o especial e oficial momento de funda\u00e7\u00e3o do Clube, mais precisamente no dia 25.<\/p>\n<p>A coordena\u00e7\u00e3o das festividades ser\u00e1 do atual e mais jovem presidente de clube social de Pelotas, Victor Hugo Siqueira, juntamente com a diretora cultural da entidade, Neusa Maril\u00fa Duarte.<\/p>\n<p><b><img loading=\"lazy\" class=\"alignleft size-medium wp-image-89507\" alt=\"Caixeral 04\" src=\"http:\/\/diariodamanhapelotas.com.br\/site\/wp-content\/uploads\/2019\/07\/caixeral-04-300x241.jpg\" width=\"300\" height=\"241\" srcset=\"https:\/\/diariodamanhapelotas.com.br\/site\/wp-content\/uploads\/2019\/07\/caixeral-04-300x241.jpg 300w, https:\/\/diariodamanhapelotas.com.br\/site\/wp-content\/uploads\/2019\/07\/caixeral-04-150x120.jpg 150w, https:\/\/diariodamanhapelotas.com.br\/site\/wp-content\/uploads\/2019\/07\/caixeral-04.jpg 744w\" sizes=\"(max-width: 300px) 100vw, 300px\" \/>BREVE HIST\u00d3RICO <\/b><\/p>\n<p>O passo inicial da hist\u00f3ria caixeiral em Pelotas aponta para uma demanda surgidas dentre os gerentes e contadores dos estabelecimentos comerciais do munic\u00edpio. E se fez real no dia 8 de dezembro de 1879, ap\u00f3s \u201cescondida\u201d e noturna reuni\u00e3o dos interessados numa entidade defensora de seus interesses, tendo como primeiro nome Clube Uni\u00e3o e Progresso. Em 25 de dezembro do mesmo ano, noutro momento, foi oficializado o nome que se segue at\u00e9 hoje: Clube Caixeiral de Pelotas, sob a presid\u00eancia do imigrante espanhol Manoel Morales.<\/p>\n<p>Ou seja, a entidade n\u00e3o surgiu dos desejos de caixeiros viajantes, mas sim de comerciantes e contadores locais.<\/p>\n<p>\u201cIsso registra a import\u00e2ncia do clube para o desenvolvimento de Pelotas\u201d, salienta o atual gestor, Victor Hugo, lembrando que a entidade social inspirou a cria\u00e7\u00e3o de outras tantas, na cidade e no Estado, sendo o mais antigo dentre os 16 clubes caixeirais existentes no Rio Grande do Sul.<\/p>\n<div id=\"attachment_89510\" style=\"width: 310px\" class=\"wp-caption alignright\"><img aria-describedby=\"caption-attachment-89510\" loading=\"lazy\" class=\"size-medium wp-image-89510\" alt=\"VICTOR Hugo: jovem gestor agiliza novo momento na centen\u00e1ria entidade pelotense\" src=\"http:\/\/diariodamanhapelotas.com.br\/site\/wp-content\/uploads\/2019\/07\/victor-hugo-siqueira-300x200.jpg\" width=\"300\" height=\"200\" srcset=\"https:\/\/diariodamanhapelotas.com.br\/site\/wp-content\/uploads\/2019\/07\/victor-hugo-siqueira-300x200.jpg 300w, https:\/\/diariodamanhapelotas.com.br\/site\/wp-content\/uploads\/2019\/07\/victor-hugo-siqueira-150x100.jpg 150w, https:\/\/diariodamanhapelotas.com.br\/site\/wp-content\/uploads\/2019\/07\/victor-hugo-siqueira.jpg 520w\" sizes=\"(max-width: 300px) 100vw, 300px\" \/><p id=\"caption-attachment-89510\" class=\"wp-caption-text\">VICTOR Hugo: jovem gestor agiliza novo momento na centen\u00e1ria entidade pelotense<\/p><\/div>\n<p>Lembra ainda, Victor Hugo, que dentre os anos 1879 e 1890 o Caixeiral de Pelotas atuava mais como entidade de classe dos comerci\u00e1rios, com algumas poucas atividades festivo-sociais, em locais alugados para tal fim, at\u00e9 a compra do espa\u00e7o no qual est\u00e1 edificada sua atual sede, com posterior constru\u00e7\u00e3o do pr\u00e9dio, pelo arquiteto Caetano Casaretto.<\/p>\n<p>O imponente pr\u00e9dio est\u00e1 ali, no entorno da Pra\u00e7a Coronel Pedro Os\u00f3rio, no cora\u00e7\u00e3o do Centro Hist\u00f3rico. \u00c9 conhecido como o pal\u00e1cio da principal pra\u00e7a\u00a0 da Cidade Princesa do Sul.<\/p>\n<p>Dentre outras belezas, o centen\u00e1rio pr\u00e9dio brinda os visitantes com seus brilhantes lustres e mobili\u00e1rio antigo, preservado.\u00a0 Em seu acervo constam imagens e objetos de antigos presidentes, exposi\u00e7\u00e3o fotogr\u00e1fica dos pr\u00e9dios da cidade, al\u00e9m de um espa\u00e7o dedicado \u00e0 primeira Miss Universo brasileira: Yolanda Pereira. Jornais da d\u00e9cada de 1930, retratos e um busto mostram um pouco da trajet\u00f3ria da ilustre pelotense. A hist\u00f3ria Caixeiral tamb\u00e9m registra espa\u00e7o \u00e0 beleza de Ezilda Lisboa, Miss RS, na mesma d\u00e9cada de 1930.<\/p>\n","protected":false},"excerpt":{"rendered":"<p>As portas do Clube Caixeiral de Pelotas estar\u00e3o abertas para convidados e autoridades nesta sexta-feira(12) a partir das 19h em momento festivo de abertura \u00e0s comemora\u00e7\u00f5es pelos 140 anos da<\/p>\n","protected":false},"author":4,"featured_media":89507,"comment_status":"closed","ping_status":"closed","sticky":false,"template":"","format":"standard","meta":[],"categories":[305,149],"tags":[],"_links":{"self":[{"href":"https:\/\/diariodamanhapelotas.com.br\/site\/wp-json\/wp\/v2\/posts\/89503"}],"collection":[{"href":"https:\/\/diariodamanhapelotas.com.br\/site\/wp-json\/wp\/v2\/posts"}],"about":[{"href":"https:\/\/diariodamanhapelotas.com.br\/site\/wp-json\/wp\/v2\/types\/post"}],"author":[{"embeddable":true,"href":"https:\/\/diariodamanhapelotas.com.br\/site\/wp-json\/wp\/v2\/users\/4"}],"replies":[{"embeddable":true,"href":"https:\/\/diariodamanhapelotas.com.br\/site\/wp-json\/wp\/v2\/comments?post=89503"}],"version-history":[{"count":1,"href":"https:\/\/diariodamanhapelotas.com.br\/site\/wp-json\/wp\/v2\/posts\/89503\/revisions"}],"predecessor-version":[{"id":89512,"href":"https:\/\/diariodamanhapelotas.com.br\/site\/wp-json\/wp\/v2\/posts\/89503\/revisions\/89512"}],"wp:featuredmedia":[{"embeddable":true,"href":"https:\/\/diariodamanhapelotas.com.br\/site\/wp-json\/wp\/v2\/media\/89507"}],"wp:attachment":[{"href":"https:\/\/diariodamanhapelotas.com.br\/site\/wp-json\/wp\/v2\/media?parent=89503"}],"wp:term":[{"taxonomy":"category","embeddable":true,"href":"https:\/\/diariodamanhapelotas.com.br\/site\/wp-json\/wp\/v2\/categories?post=89503"},{"taxonomy":"post_tag","embeddable":true,"href":"https:\/\/diariodamanhapelotas.com.br\/site\/wp-json\/wp\/v2\/tags?post=89503"}],"curies":[{"name":"wp","href":"https:\/\/api.w.org\/{rel}","templated":true}]}}