{"id":89513,"date":"2019-07-12T08:56:07","date_gmt":"2019-07-12T11:56:07","guid":{"rendered":"http:\/\/diariodamanhapelotas.com.br\/site\/?p=89513"},"modified":"2019-07-12T08:56:38","modified_gmt":"2019-07-12T11:56:38","slug":"marechal-deodoro-inicia-o-asfaltamento-do-trecho-3","status":"publish","type":"post","link":"https:\/\/diariodamanhapelotas.com.br\/site\/marechal-deodoro-inicia-o-asfaltamento-do-trecho-3\/","title":{"rendered":"MARECHAL DEODORO : Inicia o asfaltamento do trecho 3"},"content":{"rendered":"<p>A semana registra a\u00a0retomada\u00a0das obras de\u00a0pavimenta\u00e7\u00e3o\u00a0do\u00a0trecho 3\u00a0da rua\u00a0Marechal Deodoro, entre Marechal Floriano e Gomes Carneiro.<\/p>\n<p>Desde a quarta-feira, equipes da SBS Engenharia, que executa o projeto de\u00a0requalifica\u00e7\u00e3o\u00a0da via, trabalha na coloca\u00e7\u00e3o da camada de asfalto que ser\u00e1 coberta pela definitiva. As atividades est\u00e3o sob responsabilidade da Secretaria de Planejamento e Gest\u00e3o (Seplag).<\/p>\n<p>\u201cConforme informamos, com base na prescri\u00e7\u00e3o das normas t\u00e9cnicas, o trabalho iniciou-se t\u00e3o logo houve eleva\u00e7\u00e3o da temperatura. Com menos de 10 graus, como registrado na primeira semana do m\u00eas, n\u00e3o era vi\u00e1vel a atividade com asfalto. Agora, a pavimenta\u00e7\u00e3o seguir\u00e1 at\u00e9 ser finalizada, \u00e0 exce\u00e7\u00e3o dos dias de chuva ou de frio intenso\u201d, explica o secret\u00e1rio de Planejamento e Gest\u00e3o, Roberto Ramalho.<\/p>\n<p>Na tarde de quarta-feira, equipes concentraram-se entre as ruas Dom Pedro II e Gomes Carneiro, em toda a largura da via, j\u00e1 que, naquele trecho, n\u00e3o h\u00e1 corredor de concreto para \u00f4nibus, pela inexist\u00eancia de paradas.<\/p>\n<p>Na manh\u00e3 de ontem, a atividade foi retomada a partir do entroncamento com a Marechal Floriano, at\u00e9 a Dom Pedro II \u2013 extens\u00e3o em que a pavimenta\u00e7\u00e3o asf\u00e1ltica da pista ser\u00e1 nivelada com o concreto da via exclusiva para \u00f4nibus.<\/p>\n<h2><strong>O QUE VEM DEPOIS<\/strong><\/h2>\n<p>Depois de asfaltado, o trecho 3 da Marechal Deodoro, de aproximadamente 750 metros, receber\u00e1 quatro abrigos padronizados de \u00f4nibus, nove biciclet\u00e1rios, oito bancos e 25 lixeiras, al\u00e9m de sinaliza\u00e7\u00e3o e ajustes finais. O total a ser requalificado na via \u00e9 de 3,2 quil\u00f4metros, partindo da rua Guilherme Wetzel e acabando na Gomes Carneiro.<\/p>\n<p>O trecho 1, da Wetzel at\u00e9 a avenida Bento Gon\u00e7alves, j\u00e1 est\u00e1 conclu\u00eddo. As obras no segmento 2, parte central da via, entre Bento e Marechal Floriano, come\u00e7ar\u00e3o depois do lote 3 finalizado e do t\u00e9rmino das interven\u00e7\u00f5es do Sanep. A decis\u00e3o de dividir a Marechal Deodoro, para a execu\u00e7\u00e3o do projeto de requalifica\u00e7\u00e3o, partiu do Poder P\u00fablico com o objetivo de causar o menor impacto poss\u00edvel \u00e0 rotina da popula\u00e7\u00e3o.<\/p>\n","protected":false},"excerpt":{"rendered":"<p>A semana registra a\u00a0retomada\u00a0das obras de\u00a0pavimenta\u00e7\u00e3o\u00a0do\u00a0trecho 3\u00a0da rua\u00a0Marechal Deodoro, entre Marechal Floriano e Gomes Carneiro. Desde a quarta-feira, equipes da SBS Engenharia, que executa o projeto de\u00a0requalifica\u00e7\u00e3o\u00a0da via, trabalha na<\/p>\n","protected":false},"author":4,"featured_media":89514,"comment_status":"closed","ping_status":"closed","sticky":false,"template":"","format":"standard","meta":[],"categories":[305,149],"tags":[],"_links":{"self":[{"href":"https:\/\/diariodamanhapelotas.com.br\/site\/wp-json\/wp\/v2\/posts\/89513"}],"collection":[{"href":"https:\/\/diariodamanhapelotas.com.br\/site\/wp-json\/wp\/v2\/posts"}],"about":[{"href":"https:\/\/diariodamanhapelotas.com.br\/site\/wp-json\/wp\/v2\/types\/post"}],"author":[{"embeddable":true,"href":"https:\/\/diariodamanhapelotas.com.br\/site\/wp-json\/wp\/v2\/users\/4"}],"replies":[{"embeddable":true,"href":"https:\/\/diariodamanhapelotas.com.br\/site\/wp-json\/wp\/v2\/comments?post=89513"}],"version-history":[{"count":2,"href":"https:\/\/diariodamanhapelotas.com.br\/site\/wp-json\/wp\/v2\/posts\/89513\/revisions"}],"predecessor-version":[{"id":89516,"href":"https:\/\/diariodamanhapelotas.com.br\/site\/wp-json\/wp\/v2\/posts\/89513\/revisions\/89516"}],"wp:featuredmedia":[{"embeddable":true,"href":"https:\/\/diariodamanhapelotas.com.br\/site\/wp-json\/wp\/v2\/media\/89514"}],"wp:attachment":[{"href":"https:\/\/diariodamanhapelotas.com.br\/site\/wp-json\/wp\/v2\/media?parent=89513"}],"wp:term":[{"taxonomy":"category","embeddable":true,"href":"https:\/\/diariodamanhapelotas.com.br\/site\/wp-json\/wp\/v2\/categories?post=89513"},{"taxonomy":"post_tag","embeddable":true,"href":"https:\/\/diariodamanhapelotas.com.br\/site\/wp-json\/wp\/v2\/tags?post=89513"}],"curies":[{"name":"wp","href":"https:\/\/api.w.org\/{rel}","templated":true}]}}