{"id":96368,"date":"2020-02-19T08:19:55","date_gmt":"2020-02-19T11:19:55","guid":{"rendered":"http:\/\/diariodamanhapelotas.com.br\/site\/?p=96368"},"modified":"2020-02-19T08:19:55","modified_gmt":"2020-02-19T11:19:55","slug":"fragata-encapuzados-assaltam-na-cohaduque","status":"publish","type":"post","link":"https:\/\/diariodamanhapelotas.com.br\/site\/fragata-encapuzados-assaltam-na-cohaduque\/","title":{"rendered":"FRAGATA : Encapuzados assaltam na Cohaduque"},"content":{"rendered":"<p>Homem de 45 anos, que estava no condom\u00ednio Cohaduque, s\u00e1bado \u00e0 noite, compareceu na Delegacia de Pronto Atendimento (DPPA), para registrar que foi assaltado por dois ladr\u00f5es encapuzados. No relato, a v\u00edtima afirma que, \u00e0s 20h40min, estava numa pra\u00e7a, situada \u00e0 esquerda, quando houve a abordagem.<\/p>\n<p><b>ARMADOS<\/b> \u2013 Cada um dos ladr\u00f5es portava um rev\u00f3lver. Um deles estava com arma de cano longo, provavelmente calibre 38, e outro com um rev\u00f3lver menor, calibre 32. Amea\u00e7ado, o homem teve de entregar o cart\u00e3o de cr\u00e9dito, bem como um rel\u00f3gio Shark, modelo SH 0105. A v\u00edtima n\u00e3o tem suspeitos para o roubo.<\/p>\n<p><b>PADARIA <\/b>foi arrombada no Laranjal. Na madrugada de segunda-feira, foi constatado dano e furto no estabelecimento, que est\u00e1 localizado \u00e0 avenida Rio Grande do Sul. De acordo com o registro efetuado ontem, uma porta foi arrombada e vidros foram quebrados. Com acesso ao interior da padaria, ladr\u00f5es levaram um computador.<\/p>\n<p><b><img loading=\"lazy\" class=\"alignleft size-medium wp-image-43435\" alt=\"Cabe\u00e7alho\" src=\"http:\/\/diariodamanhapelotas.com.br\/site\/wp-content\/uploads\/2015\/10\/Cabe\u00e7alho-300x150.jpg\" width=\"300\" height=\"150\" srcset=\"https:\/\/diariodamanhapelotas.com.br\/site\/wp-content\/uploads\/2015\/10\/Cabe\u00e7alho-300x150.jpg 300w, https:\/\/diariodamanhapelotas.com.br\/site\/wp-content\/uploads\/2015\/10\/Cabe\u00e7alho.jpg 800w\" sizes=\"(max-width: 300px) 100vw, 300px\" \/>GATO PERSA<\/b> \u2013 Arrependimento tem ocasionado receios e amea\u00e7as. A v\u00edtima de 26 anos, moradora na zona norte, esteve na pol\u00edcia, e relatou que, h\u00e1 nove meses, recebeu a doa\u00e7\u00e3o de um gato persa. H\u00e1 cinco meses, por\u00e9m, a ex-dona do bichano, foi at\u00e9 a casa da v\u00edtima, e pediu para visitar o animal. A mulher de 31 anos, segurou o gato e disse que n\u00e3o iria mais devolv\u00ea-lo. A nova dona retirou o gato, e disse que chamaria a pol\u00edcia se ela n\u00e3o fosse embora. No momento, a amea\u00e7a funcionou. Mas, registra a v\u00edtima, a suspeita e o marido t\u00eam rondado a casa. Numa rede social, a suspeita expressou que n\u00e3o desistir\u00e1 do gato persa, o que tem causado apreens\u00e3o na v\u00edtima.<\/p>\n<p><b>PAULADA<\/b> \u2013 \u00c0 rua Prof. Rubens G. Moreira nas Tr\u00eas Vendas, discuss\u00e3o e agress\u00e3o entre duas mulheres. A v\u00edtima alega que houve discuss\u00e3o, e a suspeita usou um cabo de vassoura para desferir paulada. Al\u00e9m disso, a v\u00edtima tamb\u00e9m ouviu a amea\u00e7a: \u201cVou mandar algu\u00e9m te executar, vou pagar algu\u00e9m para te executar\u201d.<\/p>\n<p><b>CELULAR<\/b> foi encontrado em via p\u00fablica por mulher de 42 anos. Ela registra que o aparelho estava \u00e0 rua Alcides Maia, imedia\u00e7\u00f5es da Baronesa. Para eximir-se de envolvimento com o fone, a mulher levou o Iphone at\u00e9 a delegacia.<\/p>\n","protected":false},"excerpt":{"rendered":"<p>Homem de 45 anos, que estava no condom\u00ednio Cohaduque, s\u00e1bado \u00e0 noite, compareceu na Delegacia de Pronto Atendimento (DPPA), para registrar que foi assaltado por dois ladr\u00f5es encapuzados. No relato,<\/p>\n","protected":false},"author":4,"featured_media":43877,"comment_status":"closed","ping_status":"closed","sticky":false,"template":"","format":"standard","meta":[],"categories":[305,33],"tags":[],"_links":{"self":[{"href":"https:\/\/diariodamanhapelotas.com.br\/site\/wp-json\/wp\/v2\/posts\/96368"}],"collection":[{"href":"https:\/\/diariodamanhapelotas.com.br\/site\/wp-json\/wp\/v2\/posts"}],"about":[{"href":"https:\/\/diariodamanhapelotas.com.br\/site\/wp-json\/wp\/v2\/types\/post"}],"author":[{"embeddable":true,"href":"https:\/\/diariodamanhapelotas.com.br\/site\/wp-json\/wp\/v2\/users\/4"}],"replies":[{"embeddable":true,"href":"https:\/\/diariodamanhapelotas.com.br\/site\/wp-json\/wp\/v2\/comments?post=96368"}],"version-history":[{"count":1,"href":"https:\/\/diariodamanhapelotas.com.br\/site\/wp-json\/wp\/v2\/posts\/96368\/revisions"}],"predecessor-version":[{"id":96369,"href":"https:\/\/diariodamanhapelotas.com.br\/site\/wp-json\/wp\/v2\/posts\/96368\/revisions\/96369"}],"wp:featuredmedia":[{"embeddable":true,"href":"https:\/\/diariodamanhapelotas.com.br\/site\/wp-json\/wp\/v2\/media\/43877"}],"wp:attachment":[{"href":"https:\/\/diariodamanhapelotas.com.br\/site\/wp-json\/wp\/v2\/media?parent=96368"}],"wp:term":[{"taxonomy":"category","embeddable":true,"href":"https:\/\/diariodamanhapelotas.com.br\/site\/wp-json\/wp\/v2\/categories?post=96368"},{"taxonomy":"post_tag","embeddable":true,"href":"https:\/\/diariodamanhapelotas.com.br\/site\/wp-json\/wp\/v2\/tags?post=96368"}],"curies":[{"name":"wp","href":"https:\/\/api.w.org\/{rel}","templated":true}]}}